{"id":741,"date":"1992-09-05T19:08:02","date_gmt":"1992-09-05T17:08:02","guid":{"rendered":"https:\/\/www.pierrecaner.com\/?p=741"},"modified":"2025-10-04T21:55:49","modified_gmt":"2025-10-04T19:55:49","slug":"serenade","status":"publish","type":"post","link":"https:\/\/www.pierrecaner.com\/index.php\/1992\/serenade\/","title":{"rendered":"S\u00e9r\u00e9nade"},"content":{"rendered":"\n<h3 class=\"wp-block-heading\">Pi\u00e8ce pour violoncelle et piano<\/h3>\n\n\n\n<p class=\"has-text-align-right has-ti-bg-color has-ti-accent-secondary-background-color has-text-color has-background has-link-color wp-elements-36931be18b4476fb19f6e837fa08e19f\"><strong>Ann\u00e9e de composition <\/strong>: 1992<br><strong>Dur\u00e9e<\/strong> : 4&rsquo;37<br><strong>Cr\u00e9ation<\/strong> : &#8212;<br><strong>Instrumentation<\/strong> :<br>violoncelle, piano<\/p>\n","protected":false},"excerpt":{"rendered":"<p>Pi\u00e8ce pour violoncelle et piano Ann\u00e9e de composition : 1992Dur\u00e9e : 4&rsquo;37Cr\u00e9ation : &#8212;Instrumentation :violoncelle, piano<\/p>\n","protected":false},"author":1,"featured_media":1412,"comment_status":"closed","ping_status":"closed","sticky":false,"template":"","format":"standard","meta":{"_themeisle_gutenberg_block_has_review":false,"footnotes":""},"categories":[47,50,81],"tags":[54,60,68],"class_list":["post-741","post","type-post","status-publish","format-standard","has-post-thumbnail","hentry","category-chambre","category-cordes","category-chambre_piano","tag-chambre","tag-piano","tag-cello"],"_links":{"self":[{"href":"https:\/\/www.pierrecaner.com\/index.php\/wp-json\/wp\/v2\/posts\/741","targetHints":{"allow":["GET"]}}],"collection":[{"href":"https:\/\/www.pierrecaner.com\/index.php\/wp-json\/wp\/v2\/posts"}],"about":[{"href":"https:\/\/www.pierrecaner.com\/index.php\/wp-json\/wp\/v2\/types\/post"}],"author":[{"embeddable":true,"href":"https:\/\/www.pierrecaner.com\/index.php\/wp-json\/wp\/v2\/users\/1"}],"replies":[{"embeddable":true,"href":"https:\/\/www.pierrecaner.com\/index.php\/wp-json\/wp\/v2\/comments?post=741"}],"version-history":[{"count":2,"href":"https:\/\/www.pierrecaner.com\/index.php\/wp-json\/wp\/v2\/posts\/741\/revisions"}],"predecessor-version":[{"id":1411,"href":"https:\/\/www.pierrecaner.com\/index.php\/wp-json\/wp\/v2\/posts\/741\/revisions\/1411"}],"wp:featuredmedia":[{"embeddable":true,"href":"https:\/\/www.pierrecaner.com\/index.php\/wp-json\/wp\/v2\/media\/1412"}],"wp:attachment":[{"href":"https:\/\/www.pierrecaner.com\/index.php\/wp-json\/wp\/v2\/media?parent=741"}],"wp:term":[{"taxonomy":"category","embeddable":true,"href":"https:\/\/www.pierrecaner.com\/index.php\/wp-json\/wp\/v2\/categories?post=741"},{"taxonomy":"post_tag","embeddable":true,"href":"https:\/\/www.pierrecaner.com\/index.php\/wp-json\/wp\/v2\/tags?post=741"}],"curies":[{"name":"wp","href":"https:\/\/api.w.org\/{rel}","templated":true}]}}