{"id":739,"date":"1992-09-05T19:06:29","date_gmt":"1992-09-05T17:06:29","guid":{"rendered":"https:\/\/www.pierrecaner.com\/?p=739"},"modified":"2025-10-04T21:50:03","modified_gmt":"2025-10-04T19:50:03","slug":"mon-dieu-ma-dit","status":"publish","type":"post","link":"https:\/\/www.pierrecaner.com\/index.php\/1992\/mon-dieu-ma-dit\/","title":{"rendered":"\u201cMon Dieu m&rsquo;a dit&#8230;\u201d"},"content":{"rendered":"\n<h3 class=\"wp-block-heading\">Pi\u00e8ce pour choeur mixte \u00e0 4 voix a cappella<\/h3>\n\n\n\n<p>Sur un extrait du po\u00e8me <strong><em>\u00ab\u00a0Mon Dieu m&rsquo;a dit : Mon fils, il faut m&rsquo;aimer\u00a0\u00bb <\/em><\/strong><br>de Paul Verlaine (1844-1896). <em>Tir\u00e9 du recueil : Sagesse (1881).<\/em><\/p>\n\n\n\n<hr class=\"wp-block-separator has-alpha-channel-opacity\"\/>\n\n\n\n<p class=\"has-text-align-right has-ti-bg-color has-ti-accent-secondary-background-color has-text-color has-background has-link-color wp-elements-6274efbbe74a8a3883b9f9ec0cab948d\"><strong>Ann\u00e9e de composition <\/strong>: 1992<br><strong>Dur\u00e9e<\/strong> : 2&rsquo;40<br><strong>Cr\u00e9ation<\/strong> : &#8211;<br><strong>Instrumentation<\/strong> :<br>choeur \u00e0 4 voix, SATB<\/p>\n","protected":false},"excerpt":{"rendered":"<p>Pi\u00e8ce pour choeur mixte \u00e0 4 voix a cappella Sur un extrait du po\u00e8me \u00ab\u00a0Mon Dieu m&rsquo;a dit : Mon fils, il faut m&rsquo;aimer\u00a0\u00bb de Paul Verlaine (1844-1896). Tir\u00e9 du recueil : Sagesse (1881). Ann\u00e9e de composition : 1992Dur\u00e9e : 2&rsquo;40Cr\u00e9ation : &#8211;Instrumentation :choeur \u00e0 4 voix, SATB<\/p>\n","protected":false},"author":1,"featured_media":1407,"comment_status":"closed","ping_status":"closed","sticky":false,"template":"","format":"standard","meta":{"_themeisle_gutenberg_block_has_review":false,"footnotes":""},"categories":[32,23,34,46],"tags":[19,15,20,74,53],"class_list":["post-739","post","type-post","status-publish","format-standard","has-post-thumbnail","hentry","category-mixte_a_cappella","category-choeur","category-choeur_mixte","category-vocal","tag-acappella","tag-choeur","tag-mixte","tag-satb","tag-vocal"],"_links":{"self":[{"href":"https:\/\/www.pierrecaner.com\/index.php\/wp-json\/wp\/v2\/posts\/739","targetHints":{"allow":["GET"]}}],"collection":[{"href":"https:\/\/www.pierrecaner.com\/index.php\/wp-json\/wp\/v2\/posts"}],"about":[{"href":"https:\/\/www.pierrecaner.com\/index.php\/wp-json\/wp\/v2\/types\/post"}],"author":[{"embeddable":true,"href":"https:\/\/www.pierrecaner.com\/index.php\/wp-json\/wp\/v2\/users\/1"}],"replies":[{"embeddable":true,"href":"https:\/\/www.pierrecaner.com\/index.php\/wp-json\/wp\/v2\/comments?post=739"}],"version-history":[{"count":8,"href":"https:\/\/www.pierrecaner.com\/index.php\/wp-json\/wp\/v2\/posts\/739\/revisions"}],"predecessor-version":[{"id":1409,"href":"https:\/\/www.pierrecaner.com\/index.php\/wp-json\/wp\/v2\/posts\/739\/revisions\/1409"}],"wp:featuredmedia":[{"embeddable":true,"href":"https:\/\/www.pierrecaner.com\/index.php\/wp-json\/wp\/v2\/media\/1407"}],"wp:attachment":[{"href":"https:\/\/www.pierrecaner.com\/index.php\/wp-json\/wp\/v2\/media?parent=739"}],"wp:term":[{"taxonomy":"category","embeddable":true,"href":"https:\/\/www.pierrecaner.com\/index.php\/wp-json\/wp\/v2\/categories?post=739"},{"taxonomy":"post_tag","embeddable":true,"href":"https:\/\/www.pierrecaner.com\/index.php\/wp-json\/wp\/v2\/tags?post=739"}],"curies":[{"name":"wp","href":"https:\/\/api.w.org\/{rel}","templated":true}]}}