{"id":736,"date":"1994-07-23T19:04:00","date_gmt":"1994-07-23T17:04:00","guid":{"rendered":"https:\/\/www.pierrecaner.com\/?p=736"},"modified":"2025-10-21T10:55:41","modified_gmt":"2025-10-21T08:55:41","slug":"variations-sur-happy-birthday","status":"publish","type":"post","link":"https:\/\/www.pierrecaner.com\/index.php\/1994\/variations-sur-happy-birthday\/","title":{"rendered":"Variations sur \u201cHappy Birthday\u201d"},"content":{"rendered":"\n<h3 class=\"wp-block-heading\">Pi\u00e8ce pour piano \u00e0 4 mains<\/h3>\n\n\n\n<p>Th\u00e8me et variations sur le th\u00e8me de \u00ab\u00a0Happy Birthday\u00a0\u00bb \u00e0 travers l&rsquo;histoire de la musique<\/p>\n\n\n\n<ul style=\"font-style:italic;font-weight:400\" class=\"wp-block-list has-ti-accent-secondary-color has-text-color has-link-color has-fraunces-font-family wp-elements-24dd42b214fca8328ad1f67c5ee7bc66\">\n<li><strong>Th\u00e8me<\/strong><\/li>\n\n\n\n<li>1\u00b0 variation : <strong>Choral<\/strong> dans le style de Jean-S\u00e9bastien Bach<\/li>\n\n\n\n<li>2\u00b0 variation : <strong>Andante<\/strong> dans le style de Wolfgang Amadeus Mozart<\/li>\n\n\n\n<li>3\u00b0 variation : <strong>Langsam<\/strong> dans le style de Robert Schumann<\/li>\n\n\n\n<li>4\u00b0 variation : <strong>Danse hongroise<\/strong> dans le style d&rsquo;Anton Dvorak<\/li>\n\n\n\n<li>5\u00b0 variation : Dans le style d&rsquo;une valse viennoise<\/li>\n\n\n\n<li>6\u00b0 variation : Dans le style d&rsquo;Erik Satie<\/li>\n\n\n\n<li>7\u00b0 variation : <strong>Dod\u00e9caphonisme<\/strong> dans le style d&rsquo;Arnold Sch\u00f6nberg<\/li>\n<\/ul>\n\n\n\n<p class=\"has-text-align-right has-small-font-size\"><em>* il existe une version pour trio (violon, violoncelle et piano 4 mains) <br>ainsi qu&rsquo;une version pour orchestre \u00e0 cordes (variations diff\u00e9rentes suivant les versions)<\/em><\/p>\n\n\n\n<hr class=\"wp-block-separator has-alpha-channel-opacity\"\/>\n\n\n\n<p class=\"has-text-align-right has-ti-bg-color has-ti-accent-secondary-background-color has-text-color has-background has-link-color wp-elements-1ed959ac153bc0fb5dfdb17ffb828e24\"><strong>Ann\u00e9e de composition <\/strong>: 1994<br><strong>Dur\u00e9e<\/strong> : 6&rsquo;35<br><strong>Cr\u00e9ation<\/strong> : juillet 1994<br><strong>Instrumentation<\/strong> :<br>piano \u00e0 4 mains<\/p>\n","protected":false},"excerpt":{"rendered":"<p>Pi\u00e8ce pour piano \u00e0 4 mains Th\u00e8me et variations sur le th\u00e8me de \u00ab\u00a0Happy Birthday\u00a0\u00bb \u00e0 travers l&rsquo;histoire de la musique * il existe une version pour trio (violon, violoncelle et piano 4 mains) ainsi qu&rsquo;une version pour orchestre \u00e0 cordes (variations diff\u00e9rentes suivant les versions) Ann\u00e9e de composition : 1994Dur\u00e9e : 6&rsquo;35Cr\u00e9ation : juillet [&hellip;]<\/p>\n","protected":false},"author":1,"featured_media":0,"comment_status":"closed","ping_status":"closed","sticky":false,"template":"","format":"standard","meta":{"_themeisle_gutenberg_block_has_review":false,"footnotes":""},"categories":[47,81],"tags":[80,54,60],"class_list":["post-736","post","type-post","status-publish","format-standard","hentry","category-chambre","category-chambre_piano","tag-4_mains","tag-chambre","tag-piano"],"_links":{"self":[{"href":"https:\/\/www.pierrecaner.com\/index.php\/wp-json\/wp\/v2\/posts\/736","targetHints":{"allow":["GET"]}}],"collection":[{"href":"https:\/\/www.pierrecaner.com\/index.php\/wp-json\/wp\/v2\/posts"}],"about":[{"href":"https:\/\/www.pierrecaner.com\/index.php\/wp-json\/wp\/v2\/types\/post"}],"author":[{"embeddable":true,"href":"https:\/\/www.pierrecaner.com\/index.php\/wp-json\/wp\/v2\/users\/1"}],"replies":[{"embeddable":true,"href":"https:\/\/www.pierrecaner.com\/index.php\/wp-json\/wp\/v2\/comments?post=736"}],"version-history":[{"count":9,"href":"https:\/\/www.pierrecaner.com\/index.php\/wp-json\/wp\/v2\/posts\/736\/revisions"}],"predecessor-version":[{"id":1668,"href":"https:\/\/www.pierrecaner.com\/index.php\/wp-json\/wp\/v2\/posts\/736\/revisions\/1668"}],"wp:attachment":[{"href":"https:\/\/www.pierrecaner.com\/index.php\/wp-json\/wp\/v2\/media?parent=736"}],"wp:term":[{"taxonomy":"category","embeddable":true,"href":"https:\/\/www.pierrecaner.com\/index.php\/wp-json\/wp\/v2\/categories?post=736"},{"taxonomy":"post_tag","embeddable":true,"href":"https:\/\/www.pierrecaner.com\/index.php\/wp-json\/wp\/v2\/tags?post=736"}],"curies":[{"name":"wp","href":"https:\/\/api.w.org\/{rel}","templated":true}]}}