{"id":734,"date":"2021-09-05T17:30:37","date_gmt":"2021-09-05T15:30:37","guid":{"rendered":"https:\/\/www.pierrecaner.com\/?p=734"},"modified":"2025-10-21T16:48:45","modified_gmt":"2025-10-21T14:48:45","slug":"je-taime","status":"publish","type":"post","link":"https:\/\/www.pierrecaner.com\/index.php\/2021\/je-taime\/","title":{"rendered":"Je t&rsquo;aime"},"content":{"rendered":"\n<h3 class=\"wp-block-heading\">M\u00e9lodie pour soprano avec piano<\/h3>\n\n\n\n<p>Sur un po\u00e8me d&rsquo;Oc\u00e9lyane<\/p>\n\n\n\n<p class=\"has-ti-accent-secondary-color has-text-color has-link-color has-fraunces-font-family wp-elements-cef1ae6f1e01793b0353f21fae7e24e5\"><em>commande de la soprano, Delphine Galtier, et de la pianiste, Yuleika Haliberto.<\/em><\/p>\n\n\n\n<hr class=\"wp-block-separator has-alpha-channel-opacity\"\/>\n\n\n\n<p class=\"has-text-align-right has-ti-bg-color has-ti-accent-background-color has-text-color has-background has-link-color wp-elements-50be928b54ba30fa68c8a52b6e518f3c\"><strong>Ann\u00e9e de composition <\/strong>: 2021<br><strong>Dur\u00e9e<\/strong> : x&rsquo;xx<br><strong>Cr\u00e9ation<\/strong> : cr\u00e9ation 26 juin 2021 \u00e0 Souillac (Lot, France)<br>dans le cadre du Printemps des Po\u00e8tes<br><strong>Instrumentation<\/strong> :<br>soprano, piano<\/p>\n\n\n\n<div class=\"wp-block-columns is-layout-flex wp-container-core-columns-is-layout-28f84493 wp-block-columns-is-layout-flex\">\n<div class=\"wp-block-column is-layout-flow wp-block-column-is-layout-flow\" style=\"flex-basis:66.66%\">\n<figure class=\"wp-block-image size-large\"><img loading=\"lazy\" decoding=\"async\" width=\"1024\" height=\"555\" src=\"https:\/\/www.pierrecaner.com\/wp-content\/uploads\/2021\/09\/IMG_7409-1024x555.jpg\" alt=\"\" class=\"wp-image-1712\" srcset=\"https:\/\/www.pierrecaner.com\/wp-content\/uploads\/2021\/09\/IMG_7409-1024x555.jpg 1024w, https:\/\/www.pierrecaner.com\/wp-content\/uploads\/2021\/09\/IMG_7409-300x163.jpg 300w, https:\/\/www.pierrecaner.com\/wp-content\/uploads\/2021\/09\/IMG_7409-768x416.jpg 768w, https:\/\/www.pierrecaner.com\/wp-content\/uploads\/2021\/09\/IMG_7409-1536x833.jpg 1536w, https:\/\/www.pierrecaner.com\/wp-content\/uploads\/2021\/09\/IMG_7409-2048x1111.jpg 2048w\" sizes=\"auto, (max-width: 1024px) 100vw, 1024px\" \/><\/figure>\n\n\n\n<p class=\"has-small-font-size\"><em>de gauche \u00e0 droite, les interpr\u00e8tes Yuleika Haliberto, pianiste, <br>Delphine Galtier, soprano et l&rsquo;auteur, Oc\u00e9lyane, lors de la cr\u00e9ation \u00e0 Souillac en juin 2021<\/em><\/p>\n<\/div>\n\n\n\n<div class=\"wp-block-column is-layout-flow wp-block-column-is-layout-flow\" style=\"flex-basis:33.33%\">\n<figure data-wp-context=\"{&quot;imageId&quot;:&quot;69f2b9bb13f36&quot;}\" data-wp-interactive=\"core\/image\" data-wp-key=\"69f2b9bb13f36\" class=\"wp-block-image size-large wp-lightbox-container\"><img loading=\"lazy\" decoding=\"async\" width=\"724\" height=\"1024\" data-wp-class--hide=\"state.isContentHidden\" data-wp-class--show=\"state.isContentVisible\" data-wp-init=\"callbacks.setButtonStyles\" data-wp-on--click=\"actions.showLightbox\" data-wp-on--load=\"callbacks.setButtonStyles\" data-wp-on-window--resize=\"callbacks.setButtonStyles\" src=\"https:\/\/www.pierrecaner.com\/wp-content\/uploads\/2021\/09\/Je-taime_1-724x1024.jpg\" alt=\"\" class=\"wp-image-1719\" srcset=\"https:\/\/www.pierrecaner.com\/wp-content\/uploads\/2021\/09\/Je-taime_1-724x1024.jpg 724w, https:\/\/www.pierrecaner.com\/wp-content\/uploads\/2021\/09\/Je-taime_1-212x300.jpg 212w, https:\/\/www.pierrecaner.com\/wp-content\/uploads\/2021\/09\/Je-taime_1-768x1087.jpg 768w, https:\/\/www.pierrecaner.com\/wp-content\/uploads\/2021\/09\/Je-taime_1.jpg 826w\" sizes=\"auto, (max-width: 724px) 100vw, 724px\" \/><button\n\t\t\tclass=\"lightbox-trigger\"\n\t\t\ttype=\"button\"\n\t\t\taria-haspopup=\"dialog\"\n\t\t\taria-label=\"Agrandir\"\n\t\t\tdata-wp-init=\"callbacks.initTriggerButton\"\n\t\t\tdata-wp-on--click=\"actions.showLightbox\"\n\t\t\tdata-wp-style--right=\"state.imageButtonRight\"\n\t\t\tdata-wp-style--top=\"state.imageButtonTop\"\n\t\t>\n\t\t\t<svg xmlns=\"http:\/\/www.w3.org\/2000\/svg\" width=\"12\" height=\"12\" fill=\"none\" viewBox=\"0 0 12 12\">\n\t\t\t\t<path fill=\"#fff\" d=\"M2 0a2 2 0 0 0-2 2v2h1.5V2a.5.5 0 0 1 .5-.5h2V0H2Zm2 10.5H2a.5.5 0 0 1-.5-.5V8H0v2a2 2 0 0 0 2 2h2v-1.5ZM8 12v-1.5h2a.5.5 0 0 0 .5-.5V8H12v2a2 2 0 0 1-2 2H8Zm2-12a2 2 0 0 1 2 2v2h-1.5V2a.5.5 0 0 0-.5-.5H8V0h2Z\" \/>\n\t\t\t<\/svg>\n\t\t<\/button><\/figure>\n<\/div>\n<\/div>\n","protected":false},"excerpt":{"rendered":"<p>M\u00e9lodie pour soprano avec piano Sur un po\u00e8me d&rsquo;Oc\u00e9lyane commande de la soprano, Delphine Galtier, et de la pianiste, Yuleika Haliberto. Ann\u00e9e de composition : 2021Dur\u00e9e : x&rsquo;xxCr\u00e9ation : cr\u00e9ation 26 juin 2021 \u00e0 Souillac (Lot, France)dans le cadre du Printemps des Po\u00e8tesInstrumentation :soprano, piano de gauche \u00e0 droite, les interpr\u00e8tes Yuleika Haliberto, pianiste, Delphine [&hellip;]<\/p>\n","protected":false},"author":1,"featured_media":0,"comment_status":"closed","ping_status":"closed","sticky":false,"template":"","format":"standard","meta":{"_themeisle_gutenberg_block_has_review":false,"footnotes":""},"categories":[85,88,25,26,46],"tags":[55,76,60,18,58,53],"class_list":["post-734","post","type-post","status-publish","format-standard","hentry","category-soprano_piano","category-melodie","category-soliste","category-soprano","category-vocal","tag-accompagne","tag-melodie","tag-piano","tag-soliste","tag-soprano","tag-vocal"],"_links":{"self":[{"href":"https:\/\/www.pierrecaner.com\/index.php\/wp-json\/wp\/v2\/posts\/734","targetHints":{"allow":["GET"]}}],"collection":[{"href":"https:\/\/www.pierrecaner.com\/index.php\/wp-json\/wp\/v2\/posts"}],"about":[{"href":"https:\/\/www.pierrecaner.com\/index.php\/wp-json\/wp\/v2\/types\/post"}],"author":[{"embeddable":true,"href":"https:\/\/www.pierrecaner.com\/index.php\/wp-json\/wp\/v2\/users\/1"}],"replies":[{"embeddable":true,"href":"https:\/\/www.pierrecaner.com\/index.php\/wp-json\/wp\/v2\/comments?post=734"}],"version-history":[{"count":3,"href":"https:\/\/www.pierrecaner.com\/index.php\/wp-json\/wp\/v2\/posts\/734\/revisions"}],"predecessor-version":[{"id":1720,"href":"https:\/\/www.pierrecaner.com\/index.php\/wp-json\/wp\/v2\/posts\/734\/revisions\/1720"}],"wp:attachment":[{"href":"https:\/\/www.pierrecaner.com\/index.php\/wp-json\/wp\/v2\/media?parent=734"}],"wp:term":[{"taxonomy":"category","embeddable":true,"href":"https:\/\/www.pierrecaner.com\/index.php\/wp-json\/wp\/v2\/categories?post=734"},{"taxonomy":"post_tag","embeddable":true,"href":"https:\/\/www.pierrecaner.com\/index.php\/wp-json\/wp\/v2\/tags?post=734"}],"curies":[{"name":"wp","href":"https:\/\/api.w.org\/{rel}","templated":true}]}}