{"id":728,"date":"2022-09-05T17:31:52","date_gmt":"2022-09-05T15:31:52","guid":{"rendered":"https:\/\/www.pierrecaner.com\/?p=728"},"modified":"2025-10-04T13:48:22","modified_gmt":"2025-10-04T11:48:22","slug":"la-ville-heureuse","status":"publish","type":"post","link":"https:\/\/www.pierrecaner.com\/index.php\/2022\/la-ville-heureuse\/","title":{"rendered":"La Ville Heureuse"},"content":{"rendered":"\n<h3 class=\"wp-block-heading\">Pi\u00e8ce pour choeur mixte \u00e0 4 voix et orchestre \u00e0 cordes<\/h3>\n\n\n\n<p>sur un po\u00e8me de Louisa Paulin (1888-1944)<\/p>\n\n\n\n<div class=\"wp-block-columns is-layout-flex wp-container-core-columns-is-layout-28f84493 wp-block-columns-is-layout-flex\">\n<div class=\"wp-block-column is-layout-flow wp-block-column-is-layout-flow\">\n<p class=\"has-text-color has-background has-link-color has-fraunces-font-family has-small-font-size wp-elements-6ca2a970cbc9045ae53a0910395571e2\" style=\"color:#621d0c;background-color:#f6ebde\"><em><strong>La ville heureuse<\/strong><br><br>Je voudrais b\u00e2tir une ville heureuse<br>avec des arbres et des eaux,<br>de grands arbres serr\u00e9s sur de secrets oiseaux<br>comme dans nos vieux livres d\u2019images<br>quand nous \u00e9tions des enfants sages,<br>de ces arbres gonfl\u00e9s d\u2019\u00e9tranges s\u00e8ves<br>et qui savaient nourrir et bercer tous nos r\u00eaves.<br><br>Avec des rues comme des nids tout en rumeurs<br>o\u00f9 la vie coulerait dense et g\u00e9n\u00e9reuse<br>pour ceux qui ont peur du bruit de leur c\u0153ur,<br><br>avec de tr\u00e8s hauts ciels et des espaces purs<br>charriant de l\u2019azur<br>et des cargaisons de nuages<br>au bord de lentes plages,<br>des solitudes claires<br>pour les silencieux,<br>pour tous ceux<br>qui ne savent pas replier leurs ailes.<br><br>Je voudrais b\u00e2tir une ville heureuse<br>et qui d\u00e9ferlerait joyeuse<br>tout autour de la terre.<br><br>L\u2019on n\u2019y verrait que de beaux visages<br>pareils et divers comme ceux des dieux<br>et qui semblent porteurs de messages<br>m\u00e9lodieux.<br><br>O\u00f9 \u00eates-vous, les hardis b\u00e2tisseurs,<br>vous qui saurez vaincre sans armes<br>et qui na\u00eetrez de quelques fiers r\u00eaveurs<br>et de toutes nos larmes.<\/em><\/p>\n<\/div>\n\n\n\n<div class=\"wp-block-column is-layout-flow wp-block-column-is-layout-flow\">\n<p>Compos\u00e9e \u00e0 l&rsquo;origine pour choeur d&rsquo;enfants, orchestre d&rsquo;harmonie et piano, et cr\u00e9\u00e9e \u00e0 l&rsquo;occasion de l&rsquo;inauguration du centre culturel \u00ab\u00a0Le Rond-Point\u00a0\u00bb de la ville de Labrugui\u00e8re (Tarn, France), la version d\u00e9finitive de cette pi\u00e8ce est \u00e9crite pour choeur mixte et orchestre \u00e0 cordes.<\/p>\n\n\n\n<p>Elle a \u00e9t\u00e9 interpr\u00e9t\u00e9e sous cette forme \u00e0 l&rsquo;occasion du 750\u00b0 anniversaire de la fondation de la Bastide de R\u00e9almont (Tarn, France) par l&rsquo;Ensemble Vocal Arioso et l&rsquo;Ensemble Orchestral du Tarn sous la direction du compositeur.<\/p>\n\n\n\n<figure class=\"wp-block-image aligncenter size-full is-resized\"><img loading=\"lazy\" decoding=\"async\" width=\"300\" height=\"440\" src=\"https:\/\/www.pierrecaner.com\/wp-content\/uploads\/2022\/09\/Louisa-medaillon.png\" alt=\"\" class=\"wp-image-868\" style=\"width:225px;height:auto\" srcset=\"https:\/\/www.pierrecaner.com\/wp-content\/uploads\/2022\/09\/Louisa-medaillon.png 300w, https:\/\/www.pierrecaner.com\/wp-content\/uploads\/2022\/09\/Louisa-medaillon-205x300.png 205w\" sizes=\"auto, (max-width: 300px) 100vw, 300px\" \/><\/figure>\n\n\n\n<p class=\"has-text-align-center\" style=\"font-size:12px\"> Louisa Paulin<\/p>\n<\/div>\n<\/div>\n\n\n\n<p class=\"has-text-align-right has-small-font-size\">*<em>Existe \u00e9galement dans une version pour choeur mixte avec piano <\/em><br><em>et dans une version pour choeur d&rsquo;enfants, orchestre d&rsquo;harmonie et piano<\/em><\/p>\n\n\n\n<hr class=\"wp-block-separator has-alpha-channel-opacity\"\/>\n\n\n\n<p class=\"has-text-align-right has-ti-bg-color has-ti-accent-secondary-background-color has-text-color has-background has-link-color wp-elements-46e5b998e84d0a235f9cd33ff36ea20d\"><strong>Ann\u00e9e de composition <\/strong>: 2012-2022<br><strong>Dur\u00e9e<\/strong> : x&rsquo;xx<br><strong>Cr\u00e9ation<\/strong> : &#8212;<br><strong>Instrumentation<\/strong> :<br>choeur mixte \u00e0 4 voix, SATB<br>orchestre \u00e0 cordes<\/p>\n\n\n\n<div class=\"wp-block-columns is-layout-flex wp-container-core-columns-is-layout-28f84493 wp-block-columns-is-layout-flex\">\n<div class=\"wp-block-column is-layout-flow wp-block-column-is-layout-flow\">\n<figure data-wp-context=\"{&quot;imageId&quot;:&quot;69f2ba794f878&quot;}\" data-wp-interactive=\"core\/image\" data-wp-key=\"69f2ba794f878\" class=\"wp-block-image size-full wp-lightbox-container\"><img loading=\"lazy\" decoding=\"async\" width=\"500\" height=\"708\" data-wp-class--hide=\"state.isContentHidden\" data-wp-class--show=\"state.isContentVisible\" data-wp-init=\"callbacks.setButtonStyles\" data-wp-on--click=\"actions.showLightbox\" data-wp-on--load=\"callbacks.setButtonStyles\" data-wp-on-window--resize=\"callbacks.setButtonStyles\" src=\"https:\/\/www.pierrecaner.com\/wp-content\/uploads\/2022\/09\/la_ville_heureuse_1.jpg\" alt=\"\" class=\"wp-image-872\" srcset=\"https:\/\/www.pierrecaner.com\/wp-content\/uploads\/2022\/09\/la_ville_heureuse_1.jpg 500w, https:\/\/www.pierrecaner.com\/wp-content\/uploads\/2022\/09\/la_ville_heureuse_1-212x300.jpg 212w\" sizes=\"auto, (max-width: 500px) 100vw, 500px\" \/><button\n\t\t\tclass=\"lightbox-trigger\"\n\t\t\ttype=\"button\"\n\t\t\taria-haspopup=\"dialog\"\n\t\t\taria-label=\"Agrandir\"\n\t\t\tdata-wp-init=\"callbacks.initTriggerButton\"\n\t\t\tdata-wp-on--click=\"actions.showLightbox\"\n\t\t\tdata-wp-style--right=\"state.imageButtonRight\"\n\t\t\tdata-wp-style--top=\"state.imageButtonTop\"\n\t\t>\n\t\t\t<svg xmlns=\"http:\/\/www.w3.org\/2000\/svg\" width=\"12\" height=\"12\" fill=\"none\" viewBox=\"0 0 12 12\">\n\t\t\t\t<path fill=\"#fff\" d=\"M2 0a2 2 0 0 0-2 2v2h1.5V2a.5.5 0 0 1 .5-.5h2V0H2Zm2 10.5H2a.5.5 0 0 1-.5-.5V8H0v2a2 2 0 0 0 2 2h2v-1.5ZM8 12v-1.5h2a.5.5 0 0 0 .5-.5V8H12v2a2 2 0 0 1-2 2H8Zm2-12a2 2 0 0 1 2 2v2h-1.5V2a.5.5 0 0 0-.5-.5H8V0h2Z\" \/>\n\t\t\t<\/svg>\n\t\t<\/button><\/figure>\n<\/div>\n\n\n\n<div class=\"wp-block-column is-layout-flow wp-block-column-is-layout-flow\">\n<figure data-wp-context=\"{&quot;imageId&quot;:&quot;69f2ba794fdb4&quot;}\" data-wp-interactive=\"core\/image\" data-wp-key=\"69f2ba794fdb4\" class=\"wp-block-image size-full wp-lightbox-container\"><img loading=\"lazy\" decoding=\"async\" width=\"500\" height=\"708\" data-wp-class--hide=\"state.isContentHidden\" data-wp-class--show=\"state.isContentVisible\" data-wp-init=\"callbacks.setButtonStyles\" data-wp-on--click=\"actions.showLightbox\" data-wp-on--load=\"callbacks.setButtonStyles\" data-wp-on-window--resize=\"callbacks.setButtonStyles\" src=\"https:\/\/www.pierrecaner.com\/wp-content\/uploads\/2022\/09\/la_ville_heureuse_2.jpg\" alt=\"\" class=\"wp-image-873\" srcset=\"https:\/\/www.pierrecaner.com\/wp-content\/uploads\/2022\/09\/la_ville_heureuse_2.jpg 500w, https:\/\/www.pierrecaner.com\/wp-content\/uploads\/2022\/09\/la_ville_heureuse_2-212x300.jpg 212w\" sizes=\"auto, (max-width: 500px) 100vw, 500px\" \/><button\n\t\t\tclass=\"lightbox-trigger\"\n\t\t\ttype=\"button\"\n\t\t\taria-haspopup=\"dialog\"\n\t\t\taria-label=\"Agrandir\"\n\t\t\tdata-wp-init=\"callbacks.initTriggerButton\"\n\t\t\tdata-wp-on--click=\"actions.showLightbox\"\n\t\t\tdata-wp-style--right=\"state.imageButtonRight\"\n\t\t\tdata-wp-style--top=\"state.imageButtonTop\"\n\t\t>\n\t\t\t<svg xmlns=\"http:\/\/www.w3.org\/2000\/svg\" width=\"12\" height=\"12\" fill=\"none\" viewBox=\"0 0 12 12\">\n\t\t\t\t<path fill=\"#fff\" d=\"M2 0a2 2 0 0 0-2 2v2h1.5V2a.5.5 0 0 1 .5-.5h2V0H2Zm2 10.5H2a.5.5 0 0 1-.5-.5V8H0v2a2 2 0 0 0 2 2h2v-1.5ZM8 12v-1.5h2a.5.5 0 0 0 .5-.5V8H12v2a2 2 0 0 1-2 2H8Zm2-12a2 2 0 0 1 2 2v2h-1.5V2a.5.5 0 0 0-.5-.5H8V0h2Z\" \/>\n\t\t\t<\/svg>\n\t\t<\/button><\/figure>\n<\/div>\n\n\n\n<div class=\"wp-block-column is-layout-flow wp-block-column-is-layout-flow\"><\/div>\n<\/div>\n","protected":false},"excerpt":{"rendered":"<p>Pi\u00e8ce pour choeur mixte \u00e0 4 voix et orchestre \u00e0 cordes sur un po\u00e8me de Louisa Paulin (1888-1944) La ville heureuse Je voudrais b\u00e2tir une ville heureuseavec des arbres et des eaux,de grands arbres serr\u00e9s sur de secrets oiseauxcomme dans nos vieux livres d\u2019imagesquand nous \u00e9tions des enfants sages,de ces arbres gonfl\u00e9s d\u2019\u00e9tranges s\u00e8veset qui [&hellip;]<\/p>\n","protected":false},"author":1,"featured_media":869,"comment_status":"closed","ping_status":"closed","sticky":false,"template":"","format":"standard","meta":{"_themeisle_gutenberg_block_has_review":false,"footnotes":""},"categories":[22,23,34,35,44,46],"tags":[55,15,63,20,17,74,53],"class_list":["post-728","post","type-post","status-publish","format-standard","has-post-thumbnail","hentry","category-mixte_accomp","category-choeur","category-choeur_mixte","category-orchestre","category-orch_cordes","category-vocal","tag-accompagne","tag-choeur","tag-cordes","tag-mixte","tag-orchestre","tag-satb","tag-vocal"],"_links":{"self":[{"href":"https:\/\/www.pierrecaner.com\/index.php\/wp-json\/wp\/v2\/posts\/728","targetHints":{"allow":["GET"]}}],"collection":[{"href":"https:\/\/www.pierrecaner.com\/index.php\/wp-json\/wp\/v2\/posts"}],"about":[{"href":"https:\/\/www.pierrecaner.com\/index.php\/wp-json\/wp\/v2\/types\/post"}],"author":[{"embeddable":true,"href":"https:\/\/www.pierrecaner.com\/index.php\/wp-json\/wp\/v2\/users\/1"}],"replies":[{"embeddable":true,"href":"https:\/\/www.pierrecaner.com\/index.php\/wp-json\/wp\/v2\/comments?post=728"}],"version-history":[{"count":16,"href":"https:\/\/www.pierrecaner.com\/index.php\/wp-json\/wp\/v2\/posts\/728\/revisions"}],"predecessor-version":[{"id":1185,"href":"https:\/\/www.pierrecaner.com\/index.php\/wp-json\/wp\/v2\/posts\/728\/revisions\/1185"}],"wp:featuredmedia":[{"embeddable":true,"href":"https:\/\/www.pierrecaner.com\/index.php\/wp-json\/wp\/v2\/media\/869"}],"wp:attachment":[{"href":"https:\/\/www.pierrecaner.com\/index.php\/wp-json\/wp\/v2\/media?parent=728"}],"wp:term":[{"taxonomy":"category","embeddable":true,"href":"https:\/\/www.pierrecaner.com\/index.php\/wp-json\/wp\/v2\/categories?post=728"},{"taxonomy":"post_tag","embeddable":true,"href":"https:\/\/www.pierrecaner.com\/index.php\/wp-json\/wp\/v2\/tags?post=728"}],"curies":[{"name":"wp","href":"https:\/\/api.w.org\/{rel}","templated":true}]}}