{"id":726,"date":"2025-09-25T18:57:18","date_gmt":"2025-09-25T16:57:18","guid":{"rendered":"https:\/\/www.pierrecaner.com\/?p=726"},"modified":"2025-10-22T09:42:13","modified_gmt":"2025-10-22T07:42:13","slug":"le-pelican","status":"publish","type":"post","link":"https:\/\/www.pierrecaner.com\/index.php\/2025\/le-pelican\/","title":{"rendered":"Le P\u00e9lican"},"content":{"rendered":"\n<h3 class=\"wp-block-heading\">M\u00e9lodie pour soprano avec piano<\/h3>\n\n\n\n<p>sur un po\u00e8me de Robert Desnos (1900-1945)<\/p>\n\n\n\n<div class=\"wp-block-columns is-layout-flex wp-container-core-columns-is-layout-28f84493 wp-block-columns-is-layout-flex\">\n<div class=\"wp-block-column has-background is-layout-flow wp-block-column-is-layout-flow\" style=\"background-color:#f6f2d8\">\n<div class=\"wp-block-group is-layout-constrained wp-container-core-group-is-layout-24567ffd wp-block-group-is-layout-constrained\" style=\"padding-top:var(--wp--preset--spacing--40);padding-right:var(--wp--preset--spacing--40);padding-bottom:var(--wp--preset--spacing--40);padding-left:var(--wp--preset--spacing--40)\">\n<p class=\"has-fraunces-font-family\" style=\"font-style:italic;font-weight:300\"><strong>Le P\u00e9lican<\/strong><\/p>\n\n\n\n<p class=\"has-fraunces-font-family\" style=\"font-style:italic;font-weight:300\">Le Capitaine Jonathan,<br>\u00c9tant \u00e2g\u00e9 de dix-huit ans,<br>Capture un jour un p\u00e9lican<br>Dans une \u00eele d\u2019Extr\u00eame-orient.<\/p>\n\n\n\n<p class=\"has-fraunces-font-family\" style=\"font-style:italic;font-weight:300\">Le p\u00e9lican de Jonathan,<br>Au matin, pond un \u0153uf tout blanc<br>Et il en sort un p\u00e9lican<br>Lui ressemblant \u00e9tonnamment.<\/p>\n\n\n\n<p class=\"has-fraunces-font-family\" style=\"font-style:italic;font-weight:300\">Et ce deuxi\u00e8me p\u00e9lican<br>Pond \u00e0 son tour, un \u0153uf tout blanc<br>D\u2019o\u00f9 sort, in\u00e9vitablement<br>Un autre qui en fait autant.<\/p>\n\n\n\n<p class=\"has-fraunces-font-family\" style=\"font-style:italic;font-weight:300\">Cela peut durer pendant tr\u00e8s longtemps<br>Si l\u2019on ne fait pas d\u2019omelette avant.<\/p>\n\n\n\n<p class=\"has-fraunces-font-family\" style=\"font-style:italic;font-weight:300\">Robert Denses,&nbsp;<br><em><strong>Chantefables<\/strong><\/em><\/p>\n<\/div>\n<\/div>\n\n\n\n<div class=\"wp-block-column is-layout-flow wp-block-column-is-layout-flow\">\n<figure class=\"wp-block-image size-large\"><img loading=\"lazy\" decoding=\"async\" width=\"854\" height=\"1024\" src=\"https:\/\/www.pierrecaner.com\/wp-content\/uploads\/2025\/10\/Le-pelican_Gravure-dans-22Buffon-Alphabet-des-Oiseaux-n-122-854x1024.jpg\" alt=\"\" class=\"wp-image-1097\" srcset=\"https:\/\/www.pierrecaner.com\/wp-content\/uploads\/2025\/10\/Le-pelican_Gravure-dans-22Buffon-Alphabet-des-Oiseaux-n-122-854x1024.jpg 854w, https:\/\/www.pierrecaner.com\/wp-content\/uploads\/2025\/10\/Le-pelican_Gravure-dans-22Buffon-Alphabet-des-Oiseaux-n-122-250x300.jpg 250w, https:\/\/www.pierrecaner.com\/wp-content\/uploads\/2025\/10\/Le-pelican_Gravure-dans-22Buffon-Alphabet-des-Oiseaux-n-122-768x921.jpg 768w, https:\/\/www.pierrecaner.com\/wp-content\/uploads\/2025\/10\/Le-pelican_Gravure-dans-22Buffon-Alphabet-des-Oiseaux-n-122.jpg 1051w\" sizes=\"auto, (max-width: 854px) 100vw, 854px\" \/><\/figure>\n\n\n\n<p class=\"has-text-align-right has-small-font-size\"><em>\u00a9 Le p\u00e9lican. Gravure dans <br>\u00ab\u00a0Buffon Alphabet des Oiseaux n 1\u00a0\u00bb. <br>3e S\u00e9rie N 1. Imagerie d&rsquo;\u00c9pinal, \u00c9pinal, <br>fin du 19e si\u00e8cle.<\/em><\/p>\n<\/div>\n<\/div>\n\n\n\n<hr class=\"wp-block-separator has-alpha-channel-opacity\"\/>\n\n\n\n<p class=\"has-text-align-right has-ti-bg-color has-ti-accent-secondary-background-color has-text-color has-background has-link-color wp-elements-971cd2d423883ba7d923d12963fcd70f\"> <strong>Ann\u00e9e de composition <\/strong>: 2025<br> <strong>Dur\u00e9e<\/strong> : 2&rsquo;19<br> <strong>Cr\u00e9ation<\/strong> : &#8212;<br> <strong>Instrumentation<\/strong> :<br> soprano, piano<\/p>\n","protected":false},"excerpt":{"rendered":"<p>M\u00e9lodie pour soprano avec piano sur un po\u00e8me de Robert Desnos (1900-1945) Le P\u00e9lican Le Capitaine Jonathan,\u00c9tant \u00e2g\u00e9 de dix-huit ans,Capture un jour un p\u00e9licanDans une \u00eele d\u2019Extr\u00eame-orient. Le p\u00e9lican de Jonathan,Au matin, pond un \u0153uf tout blancEt il en sort un p\u00e9licanLui ressemblant \u00e9tonnamment. Et ce deuxi\u00e8me p\u00e9licanPond \u00e0 son tour, un \u0153uf tout [&hellip;]<\/p>\n","protected":false},"author":1,"featured_media":1098,"comment_status":"closed","ping_status":"closed","sticky":false,"template":"","format":"standard","meta":{"_themeisle_gutenberg_block_has_review":false,"footnotes":""},"categories":[85,88,25,26,46],"tags":[55,76,60,18,58,53],"class_list":["post-726","post","type-post","status-publish","format-standard","has-post-thumbnail","hentry","category-soprano_piano","category-melodie","category-soliste","category-soprano","category-vocal","tag-accompagne","tag-melodie","tag-piano","tag-soliste","tag-soprano","tag-vocal"],"_links":{"self":[{"href":"https:\/\/www.pierrecaner.com\/index.php\/wp-json\/wp\/v2\/posts\/726","targetHints":{"allow":["GET"]}}],"collection":[{"href":"https:\/\/www.pierrecaner.com\/index.php\/wp-json\/wp\/v2\/posts"}],"about":[{"href":"https:\/\/www.pierrecaner.com\/index.php\/wp-json\/wp\/v2\/types\/post"}],"author":[{"embeddable":true,"href":"https:\/\/www.pierrecaner.com\/index.php\/wp-json\/wp\/v2\/users\/1"}],"replies":[{"embeddable":true,"href":"https:\/\/www.pierrecaner.com\/index.php\/wp-json\/wp\/v2\/comments?post=726"}],"version-history":[{"count":6,"href":"https:\/\/www.pierrecaner.com\/index.php\/wp-json\/wp\/v2\/posts\/726\/revisions"}],"predecessor-version":[{"id":1806,"href":"https:\/\/www.pierrecaner.com\/index.php\/wp-json\/wp\/v2\/posts\/726\/revisions\/1806"}],"wp:featuredmedia":[{"embeddable":true,"href":"https:\/\/www.pierrecaner.com\/index.php\/wp-json\/wp\/v2\/media\/1098"}],"wp:attachment":[{"href":"https:\/\/www.pierrecaner.com\/index.php\/wp-json\/wp\/v2\/media?parent=726"}],"wp:term":[{"taxonomy":"category","embeddable":true,"href":"https:\/\/www.pierrecaner.com\/index.php\/wp-json\/wp\/v2\/categories?post=726"},{"taxonomy":"post_tag","embeddable":true,"href":"https:\/\/www.pierrecaner.com\/index.php\/wp-json\/wp\/v2\/tags?post=726"}],"curies":[{"name":"wp","href":"https:\/\/api.w.org\/{rel}","templated":true}]}}