{"id":622,"date":"2020-07-11T17:16:00","date_gmt":"2020-07-11T15:16:00","guid":{"rendered":"https:\/\/www.pierrecaner.com\/?p=622"},"modified":"2025-10-21T16:58:25","modified_gmt":"2025-10-21T14:58:25","slug":"petite-valse-du-confinement","status":"publish","type":"post","link":"https:\/\/www.pierrecaner.com\/index.php\/2020\/petite-valse-du-confinement\/","title":{"rendered":"Petite Valse du Confinement"},"content":{"rendered":"\n<h3 class=\"wp-block-heading\">Pi\u00e8ce symphonique pour grand orchestre virtuel<\/h3>\n\n\n\n<h4 class=\"wp-block-heading\">Episode I, \u00e9pisode II et version symphonique<\/h4>\n\n\n\n<p class=\"has-ti-accent-secondary-color has-text-color has-link-color has-fraunces-font-family wp-elements-0409def60f3d376e51891b8a1758bb91\"><em>Pi\u00e8ce originale \u00e9crite pendant le confinement, en avril 2020, la \u201c<strong>Petite Valse du confinement<\/strong>\u201d n&rsquo;a exist\u00e9, tout d&rsquo;abord, que virtuellement. Elle a \u00e9t\u00e9 enregistr\u00e9e une premi\u00e8re fois par les 35 musiciens de l&rsquo;Ensemble Orchestral du Tarn&#8230; Devant l&rsquo;enthousiasme rencontr\u00e9, c&rsquo;est avec une nouvelle orchestration qu&rsquo;elle est partie faire le tour du monde&#8230; Le succ\u00e8s a d\u00e9pass\u00e9 les esp\u00e9rances puisque c&rsquo;est plus de 150 musiciens qui ont enregistr\u00e9 leur partie, depuis chez eux, pour donner vie \u00e0 cette musique, compos\u00e9e sp\u00e9cialement pour cette p\u00e9riode troubl\u00e9e que le monde entier a travers\u00e9&#8230; <\/em><\/p>\n\n\n\n<figure class=\"wp-block-embed is-type-video is-provider-youtube wp-block-embed-youtube wp-embed-aspect-16-9 wp-has-aspect-ratio\"><div class=\"wp-block-embed__wrapper\">\n<iframe loading=\"lazy\" title=\"Pierre CANER, Petite Valse du confinement - Episode II\" width=\"500\" height=\"281\" src=\"https:\/\/www.youtube.com\/embed\/ys2whIr1NX0?feature=oembed\" frameborder=\"0\" allow=\"accelerometer; autoplay; clipboard-write; encrypted-media; gyroscope; picture-in-picture; web-share\" referrerpolicy=\"strict-origin-when-cross-origin\" allowfullscreen><\/iframe>\n<\/div><\/figure>\n\n\n\n<p>Au total, il aura fallu plus d&rsquo;un mois et demi de travail pour synchroniser, d\u00e9couper, mixer, agencer et monter les pr\u00e8s de 200 vid\u00e9os envoy\u00e9es de toutes les r\u00e9gions de France mais aussi&#8230; du Canada, du Costa-Rica, d\u2019Espagne et de Catalogne, du Mexique, du Royaume-Uni, de Sardaigne et des \u00c9tats-Unis\u2026<\/p>\n\n\n\n<p>Les 50 parties de la partition ont \u00e9t\u00e9 con\u00e7ues de fa\u00e7on \u00e0 pouvoir rassembler tous les musiciens qui souhaitaient rejoindre le projet, \u00e9l\u00e8ves d\u00e9butants comme professeurs, musiciens amateurs plus ou moins exp\u00e9riment\u00e9s comme musiciens professionnels. Des instruments ont \u00e9t\u00e9 ajout\u00e9s pendant la r\u00e9alisation \u00e0 la demande de leurs interpr\u00e8tes.<\/p>\n\n\n\n<p>Certaines familles enti\u00e8res ont particip\u00e9, ensemble, \u00e0 l&rsquo;aventure, parfois seulement deux fr\u00e8res, une maman et son fils, un papa et sa fille&#8230; La \u00ab\u00a0Petite Valse\u00a0\u00bb a \u00e9galement permis \u00e0 des familles, \u00e9clat\u00e9es g\u00e9ographiquement, de se retrouver pour jouer ensemble tout en \u00e9tant \u00e0 des kilom\u00e8tres de distance&#8230; <\/p>\n\n\n\n<p>La facette \u00ab\u00a0virtuelle\u00a0\u00bb de la composition a permis une mixit\u00e9 instrumentale parfois surprenante avec l&rsquo;utilisation de la cloche d&rsquo;une \u00e9glise comme pulsation de d\u00e9part, d&rsquo;une bo\u00eete \u00e0 musique en introduction, d&rsquo;un piano \u00ab\u00a0jouet\u00a0\u00bb ou d&rsquo;un orgue de cristal baschet&#8230;<\/p>\n\n\n\n<div class=\"wp-block-columns is-layout-flex wp-container-core-columns-is-layout-28f84493 wp-block-columns-is-layout-flex\">\n<div class=\"wp-block-column is-layout-flow wp-block-column-is-layout-flow\">\n<figure class=\"wp-block-image size-full\"><img loading=\"lazy\" decoding=\"async\" width=\"797\" height=\"477\" src=\"https:\/\/www.pierrecaner.com\/wp-content\/uploads\/2020\/07\/PIANO-JOUET_valse.jpg\" alt=\"\" class=\"wp-image-1722\" srcset=\"https:\/\/www.pierrecaner.com\/wp-content\/uploads\/2020\/07\/PIANO-JOUET_valse.jpg 797w, https:\/\/www.pierrecaner.com\/wp-content\/uploads\/2020\/07\/PIANO-JOUET_valse-300x180.jpg 300w, https:\/\/www.pierrecaner.com\/wp-content\/uploads\/2020\/07\/PIANO-JOUET_valse-768x460.jpg 768w\" sizes=\"auto, (max-width: 797px) 100vw, 797px\" \/><\/figure>\n<\/div>\n\n\n\n<div class=\"wp-block-column is-vertically-aligned-top is-layout-flow wp-block-column-is-layout-flow\">\n<figure class=\"wp-block-image aligncenter size-full\"><img loading=\"lazy\" decoding=\"async\" width=\"986\" height=\"506\" src=\"https:\/\/www.pierrecaner.com\/wp-content\/uploads\/2020\/07\/CRISTAL_valse.jpg\" alt=\"\" class=\"wp-image-1723\" srcset=\"https:\/\/www.pierrecaner.com\/wp-content\/uploads\/2020\/07\/CRISTAL_valse.jpg 986w, https:\/\/www.pierrecaner.com\/wp-content\/uploads\/2020\/07\/CRISTAL_valse-300x154.jpg 300w, https:\/\/www.pierrecaner.com\/wp-content\/uploads\/2020\/07\/CRISTAL_valse-768x394.jpg 768w\" sizes=\"auto, (max-width: 986px) 100vw, 986px\" \/><\/figure>\n\n\n\n<p class=\"has-small-font-size\" style=\"margin-top:var(--wp--preset--spacing--20);margin-bottom:var(--wp--preset--spacing--20);padding-top:0;padding-bottom:0\">P. BILLI, piano-toy et C. Tardieu, orgue de cristal<\/p>\n<\/div>\n<\/div>\n\n\n\n<p class=\"has-ti-accent-secondary-color has-text-color has-link-color wp-elements-37ec000fadce67611f831a79961c1dec\">Elle a \u00e9t\u00e9 jou\u00e9e en public, en version symphonique, pour la premi\u00e8re fois, lors du concert du nouvel an <strong><em>\u00ab\u00a0Pr\u00e9lude au R\u00e9veillon\u00a0\u00bb<\/em><\/strong>, le 31 d\u00e9cembre 2022 au Th\u00e9\u00e2tre Municipal de Castres, France (Tarn).<\/p>\n\n\n\n<hr class=\"wp-block-separator has-alpha-channel-opacity\"\/>\n\n\n\n<p class=\"has-text-align-right has-ti-bg-color has-ti-accent-secondary-background-color has-text-color has-background has-link-color wp-elements-5f6b287af7542b430f706e02ad625754\"><strong>Ann\u00e9e de composition <\/strong>: 2020<br><strong>Dur\u00e9e<\/strong> : \u00e9pisode I &#8211; 2&rsquo;20<br>\u00e9pisode II &#8211; 5&rsquo;10<br>version symphonique &#8211; 4&rsquo;50 <br><strong>Cr\u00e9ation<\/strong> : 31 d\u00e9cembre 2022, Castres, France (81)<br><strong>Instrumentation<\/strong> :<br>Orchestre<\/p>\n","protected":false},"excerpt":{"rendered":"<p>Pi\u00e8ce symphonique pour grand orchestre virtuel Episode I, \u00e9pisode II et version symphonique Pi\u00e8ce originale \u00e9crite pendant le confinement, en avril 2020, la \u201cPetite Valse du confinement\u201d n&rsquo;a exist\u00e9, tout d&rsquo;abord, que virtuellement. Elle a \u00e9t\u00e9 enregistr\u00e9e une premi\u00e8re fois par les 35 musiciens de l&rsquo;Ensemble Orchestral du Tarn&#8230; Devant l&rsquo;enthousiasme rencontr\u00e9, c&rsquo;est avec une [&hellip;]<\/p>\n","protected":false},"author":1,"featured_media":623,"comment_status":"closed","ping_status":"closed","sticky":false,"template":"","format":"standard","meta":{"_themeisle_gutenberg_block_has_review":false,"footnotes":""},"categories":[35,45],"tags":[17,51],"class_list":["post-622","post","type-post","status-publish","format-standard","has-post-thumbnail","hentry","category-orchestre","category-orch_symph","tag-orchestre","tag-symphonique"],"_links":{"self":[{"href":"https:\/\/www.pierrecaner.com\/index.php\/wp-json\/wp\/v2\/posts\/622","targetHints":{"allow":["GET"]}}],"collection":[{"href":"https:\/\/www.pierrecaner.com\/index.php\/wp-json\/wp\/v2\/posts"}],"about":[{"href":"https:\/\/www.pierrecaner.com\/index.php\/wp-json\/wp\/v2\/types\/post"}],"author":[{"embeddable":true,"href":"https:\/\/www.pierrecaner.com\/index.php\/wp-json\/wp\/v2\/users\/1"}],"replies":[{"embeddable":true,"href":"https:\/\/www.pierrecaner.com\/index.php\/wp-json\/wp\/v2\/comments?post=622"}],"version-history":[{"count":8,"href":"https:\/\/www.pierrecaner.com\/index.php\/wp-json\/wp\/v2\/posts\/622\/revisions"}],"predecessor-version":[{"id":1726,"href":"https:\/\/www.pierrecaner.com\/index.php\/wp-json\/wp\/v2\/posts\/622\/revisions\/1726"}],"wp:featuredmedia":[{"embeddable":true,"href":"https:\/\/www.pierrecaner.com\/index.php\/wp-json\/wp\/v2\/media\/623"}],"wp:attachment":[{"href":"https:\/\/www.pierrecaner.com\/index.php\/wp-json\/wp\/v2\/media?parent=622"}],"wp:term":[{"taxonomy":"category","embeddable":true,"href":"https:\/\/www.pierrecaner.com\/index.php\/wp-json\/wp\/v2\/categories?post=622"},{"taxonomy":"post_tag","embeddable":true,"href":"https:\/\/www.pierrecaner.com\/index.php\/wp-json\/wp\/v2\/tags?post=622"}],"curies":[{"name":"wp","href":"https:\/\/api.w.org\/{rel}","templated":true}]}}