{"id":492,"date":"2012-07-04T12:10:00","date_gmt":"2012-07-04T10:10:00","guid":{"rendered":"https:\/\/www.pierrecaner.com\/?p=492"},"modified":"2025-10-21T17:44:02","modified_gmt":"2025-10-21T15:44:02","slug":"prisme","status":"publish","type":"post","link":"https:\/\/www.pierrecaner.com\/index.php\/2012\/prisme\/","title":{"rendered":"Prisme"},"content":{"rendered":"\n<h3 class=\"wp-block-heading\">Concerto pour violoncelle, soprano et orchestre<\/h3>\n\n\n\n<p>Pi\u00e8ce en cinq mouvements d\u00e9di\u00e9e \u00e0 Lowri Blake, violoncelliste et Isabelle Fabre, soprano.<\/p>\n\n\n\n<hr class=\"wp-block-separator has-alpha-channel-opacity\"\/>\n\n\n\n<p class=\"has-text-align-right has-ti-bg-color has-ti-accent-secondary-background-color has-text-color has-background has-link-color wp-elements-e864b5f03517e7cdf4878ac85ea33cdd\"><strong>Ann\u00e9e de composition <\/strong>: 2011 &#8211; 2012<br><strong>Dur\u00e9e<\/strong> : 42&rsquo;30<br><strong>Cr\u00e9ation<\/strong> : mars 2012 &#8211; Castres, France<br><strong>Instrumentation<\/strong> :<br>violoncelle solo, soprano solo,<br>2 fl\u00fbtes (+Piccolo et Fl\u00fbte alto), 2 hautbois, <br>1 clarinette en sib, 1 basson, 2 cors, <br>orchestre \u00e0 cordes, harpe et percussions<\/p>\n\n\n\n<div class=\"wp-block-columns is-layout-flex wp-container-core-columns-is-layout-65e523f9 wp-block-columns-is-layout-flex\">\n<div class=\"wp-block-column is-layout-flow wp-block-column-is-layout-flow\" style=\"padding-top:0;padding-right:0;padding-bottom:0;padding-left:0\">\n<figure data-wp-context=\"{&quot;imageId&quot;:&quot;69f2c8334555f&quot;}\" data-wp-interactive=\"core\/image\" data-wp-key=\"69f2c8334555f\" class=\"wp-block-image size-full wp-lightbox-container\"><img loading=\"lazy\" decoding=\"async\" width=\"421\" height=\"596\" data-wp-class--hide=\"state.isContentHidden\" data-wp-class--show=\"state.isContentVisible\" data-wp-init=\"callbacks.setButtonStyles\" data-wp-on--click=\"actions.showLightbox\" data-wp-on--load=\"callbacks.setButtonStyles\" data-wp-on-window--resize=\"callbacks.setButtonStyles\" src=\"https:\/\/www.pierrecaner.com\/wp-content\/uploads\/2025\/10\/2012-Affiche-Concert-Caner.jpg\" alt=\"\" class=\"wp-image-1473\" srcset=\"https:\/\/www.pierrecaner.com\/wp-content\/uploads\/2025\/10\/2012-Affiche-Concert-Caner.jpg 421w, https:\/\/www.pierrecaner.com\/wp-content\/uploads\/2025\/10\/2012-Affiche-Concert-Caner-212x300.jpg 212w\" sizes=\"auto, (max-width: 421px) 100vw, 421px\" \/><button\n\t\t\tclass=\"lightbox-trigger\"\n\t\t\ttype=\"button\"\n\t\t\taria-haspopup=\"dialog\"\n\t\t\taria-label=\"Agrandir\"\n\t\t\tdata-wp-init=\"callbacks.initTriggerButton\"\n\t\t\tdata-wp-on--click=\"actions.showLightbox\"\n\t\t\tdata-wp-style--right=\"state.imageButtonRight\"\n\t\t\tdata-wp-style--top=\"state.imageButtonTop\"\n\t\t>\n\t\t\t<svg xmlns=\"http:\/\/www.w3.org\/2000\/svg\" width=\"12\" height=\"12\" fill=\"none\" viewBox=\"0 0 12 12\">\n\t\t\t\t<path fill=\"#fff\" d=\"M2 0a2 2 0 0 0-2 2v2h1.5V2a.5.5 0 0 1 .5-.5h2V0H2Zm2 10.5H2a.5.5 0 0 1-.5-.5V8H0v2a2 2 0 0 0 2 2h2v-1.5ZM8 12v-1.5h2a.5.5 0 0 0 .5-.5V8H12v2a2 2 0 0 1-2 2H8Zm2-12a2 2 0 0 1 2 2v2h-1.5V2a.5.5 0 0 0-.5-.5H8V0h2Z\" \/>\n\t\t\t<\/svg>\n\t\t<\/button><\/figure>\n<\/div>\n\n\n\n<div class=\"wp-block-column is-layout-flow wp-block-column-is-layout-flow\" style=\"padding-top:0;padding-right:0;padding-bottom:0;padding-left:0\">\n<figure data-wp-context=\"{&quot;imageId&quot;:&quot;69f2c83346149&quot;}\" data-wp-interactive=\"core\/image\" data-wp-key=\"69f2c83346149\" class=\"wp-block-image size-large wp-lightbox-container\"><img loading=\"lazy\" decoding=\"async\" width=\"724\" height=\"1024\" data-wp-class--hide=\"state.isContentHidden\" data-wp-class--show=\"state.isContentVisible\" data-wp-init=\"callbacks.setButtonStyles\" data-wp-on--click=\"actions.showLightbox\" data-wp-on--load=\"callbacks.setButtonStyles\" data-wp-on-window--resize=\"callbacks.setButtonStyles\" src=\"https:\/\/www.pierrecaner.com\/wp-content\/uploads\/2012\/07\/Prisme_I_1-724x1024.jpg\" alt=\"\" class=\"wp-image-1759\" srcset=\"https:\/\/www.pierrecaner.com\/wp-content\/uploads\/2012\/07\/Prisme_I_1-724x1024.jpg 724w, https:\/\/www.pierrecaner.com\/wp-content\/uploads\/2012\/07\/Prisme_I_1-212x300.jpg 212w, https:\/\/www.pierrecaner.com\/wp-content\/uploads\/2012\/07\/Prisme_I_1-768x1087.jpg 768w, https:\/\/www.pierrecaner.com\/wp-content\/uploads\/2012\/07\/Prisme_I_1.jpg 826w\" sizes=\"auto, (max-width: 724px) 100vw, 724px\" \/><button\n\t\t\tclass=\"lightbox-trigger\"\n\t\t\ttype=\"button\"\n\t\t\taria-haspopup=\"dialog\"\n\t\t\taria-label=\"Agrandir\"\n\t\t\tdata-wp-init=\"callbacks.initTriggerButton\"\n\t\t\tdata-wp-on--click=\"actions.showLightbox\"\n\t\t\tdata-wp-style--right=\"state.imageButtonRight\"\n\t\t\tdata-wp-style--top=\"state.imageButtonTop\"\n\t\t>\n\t\t\t<svg xmlns=\"http:\/\/www.w3.org\/2000\/svg\" width=\"12\" height=\"12\" fill=\"none\" viewBox=\"0 0 12 12\">\n\t\t\t\t<path fill=\"#fff\" d=\"M2 0a2 2 0 0 0-2 2v2h1.5V2a.5.5 0 0 1 .5-.5h2V0H2Zm2 10.5H2a.5.5 0 0 1-.5-.5V8H0v2a2 2 0 0 0 2 2h2v-1.5ZM8 12v-1.5h2a.5.5 0 0 0 .5-.5V8H12v2a2 2 0 0 1-2 2H8Zm2-12a2 2 0 0 1 2 2v2h-1.5V2a.5.5 0 0 0-.5-.5H8V0h2Z\" \/>\n\t\t\t<\/svg>\n\t\t<\/button><\/figure>\n<\/div>\n\n\n\n<div class=\"wp-block-column is-layout-flow wp-block-column-is-layout-flow\" style=\"padding-top:0;padding-right:0;padding-bottom:0;padding-left:0\">\n<figure data-wp-context=\"{&quot;imageId&quot;:&quot;69f2c83346577&quot;}\" data-wp-interactive=\"core\/image\" data-wp-key=\"69f2c83346577\" class=\"wp-block-image size-large wp-lightbox-container\"><img loading=\"lazy\" decoding=\"async\" width=\"724\" height=\"1024\" data-wp-class--hide=\"state.isContentHidden\" data-wp-class--show=\"state.isContentVisible\" data-wp-init=\"callbacks.setButtonStyles\" data-wp-on--click=\"actions.showLightbox\" data-wp-on--load=\"callbacks.setButtonStyles\" data-wp-on-window--resize=\"callbacks.setButtonStyles\" src=\"https:\/\/www.pierrecaner.com\/wp-content\/uploads\/2012\/07\/Prisme_II_11-724x1024.jpg\" alt=\"\" class=\"wp-image-1761\" srcset=\"https:\/\/www.pierrecaner.com\/wp-content\/uploads\/2012\/07\/Prisme_II_11-724x1024.jpg 724w, https:\/\/www.pierrecaner.com\/wp-content\/uploads\/2012\/07\/Prisme_II_11-212x300.jpg 212w, https:\/\/www.pierrecaner.com\/wp-content\/uploads\/2012\/07\/Prisme_II_11-768x1087.jpg 768w, https:\/\/www.pierrecaner.com\/wp-content\/uploads\/2012\/07\/Prisme_II_11.jpg 826w\" sizes=\"auto, (max-width: 724px) 100vw, 724px\" \/><button\n\t\t\tclass=\"lightbox-trigger\"\n\t\t\ttype=\"button\"\n\t\t\taria-haspopup=\"dialog\"\n\t\t\taria-label=\"Agrandir\"\n\t\t\tdata-wp-init=\"callbacks.initTriggerButton\"\n\t\t\tdata-wp-on--click=\"actions.showLightbox\"\n\t\t\tdata-wp-style--right=\"state.imageButtonRight\"\n\t\t\tdata-wp-style--top=\"state.imageButtonTop\"\n\t\t>\n\t\t\t<svg xmlns=\"http:\/\/www.w3.org\/2000\/svg\" width=\"12\" height=\"12\" fill=\"none\" viewBox=\"0 0 12 12\">\n\t\t\t\t<path fill=\"#fff\" d=\"M2 0a2 2 0 0 0-2 2v2h1.5V2a.5.5 0 0 1 .5-.5h2V0H2Zm2 10.5H2a.5.5 0 0 1-.5-.5V8H0v2a2 2 0 0 0 2 2h2v-1.5ZM8 12v-1.5h2a.5.5 0 0 0 .5-.5V8H12v2a2 2 0 0 1-2 2H8Zm2-12a2 2 0 0 1 2 2v2h-1.5V2a.5.5 0 0 0-.5-.5H8V0h2Z\" \/>\n\t\t\t<\/svg>\n\t\t<\/button><\/figure>\n<\/div>\n\n\n\n<div class=\"wp-block-column is-layout-flow wp-block-column-is-layout-flow\" style=\"padding-top:0;padding-right:0;padding-bottom:0;padding-left:0\">\n<figure data-wp-context=\"{&quot;imageId&quot;:&quot;69f2c8334698a&quot;}\" data-wp-interactive=\"core\/image\" data-wp-key=\"69f2c8334698a\" class=\"wp-block-image size-large wp-lightbox-container\"><img loading=\"lazy\" decoding=\"async\" width=\"724\" height=\"1024\" data-wp-class--hide=\"state.isContentHidden\" data-wp-class--show=\"state.isContentVisible\" data-wp-init=\"callbacks.setButtonStyles\" data-wp-on--click=\"actions.showLightbox\" data-wp-on--load=\"callbacks.setButtonStyles\" data-wp-on-window--resize=\"callbacks.setButtonStyles\" src=\"https:\/\/www.pierrecaner.com\/wp-content\/uploads\/2012\/07\/Prisme_V_131-724x1024.jpg\" alt=\"\" class=\"wp-image-1762\" srcset=\"https:\/\/www.pierrecaner.com\/wp-content\/uploads\/2012\/07\/Prisme_V_131-724x1024.jpg 724w, https:\/\/www.pierrecaner.com\/wp-content\/uploads\/2012\/07\/Prisme_V_131-212x300.jpg 212w, https:\/\/www.pierrecaner.com\/wp-content\/uploads\/2012\/07\/Prisme_V_131-768x1087.jpg 768w, https:\/\/www.pierrecaner.com\/wp-content\/uploads\/2012\/07\/Prisme_V_131.jpg 826w\" sizes=\"auto, (max-width: 724px) 100vw, 724px\" \/><button\n\t\t\tclass=\"lightbox-trigger\"\n\t\t\ttype=\"button\"\n\t\t\taria-haspopup=\"dialog\"\n\t\t\taria-label=\"Agrandir\"\n\t\t\tdata-wp-init=\"callbacks.initTriggerButton\"\n\t\t\tdata-wp-on--click=\"actions.showLightbox\"\n\t\t\tdata-wp-style--right=\"state.imageButtonRight\"\n\t\t\tdata-wp-style--top=\"state.imageButtonTop\"\n\t\t>\n\t\t\t<svg xmlns=\"http:\/\/www.w3.org\/2000\/svg\" width=\"12\" height=\"12\" fill=\"none\" viewBox=\"0 0 12 12\">\n\t\t\t\t<path fill=\"#fff\" d=\"M2 0a2 2 0 0 0-2 2v2h1.5V2a.5.5 0 0 1 .5-.5h2V0H2Zm2 10.5H2a.5.5 0 0 1-.5-.5V8H0v2a2 2 0 0 0 2 2h2v-1.5ZM8 12v-1.5h2a.5.5 0 0 0 .5-.5V8H12v2a2 2 0 0 1-2 2H8Zm2-12a2 2 0 0 1 2 2v2h-1.5V2a.5.5 0 0 0-.5-.5H8V0h2Z\" \/>\n\t\t\t<\/svg>\n\t\t<\/button><\/figure>\n<\/div>\n<\/div>\n","protected":false},"excerpt":{"rendered":"<p>Concerto pour violoncelle, soprano et orchestre Pi\u00e8ce en cinq mouvements d\u00e9di\u00e9e \u00e0 Lowri Blake, violoncelliste et Isabelle Fabre, soprano. Ann\u00e9e de composition : 2011 &#8211; 2012Dur\u00e9e : 42&rsquo;30Cr\u00e9ation : mars 2012 &#8211; Castres, FranceInstrumentation :violoncelle solo, soprano solo,2 fl\u00fbtes (+Piccolo et Fl\u00fbte alto), 2 hautbois, 1 clarinette en sib, 1 basson, 2 cors, orchestre \u00e0 [&hellip;]<\/p>\n","protected":false},"author":1,"featured_media":0,"comment_status":"closed","ping_status":"closed","sticky":false,"template":"","format":"standard","meta":{"_themeisle_gutenberg_block_has_review":false,"footnotes":""},"categories":[89,35,45,25,79,26,46],"tags":[17,18,78,58,51,68,53],"class_list":["post-492","post","type-post","status-publish","format-standard","hentry","category-avec_soliste","category-orchestre","category-orch_symph","category-soliste","category-solo","category-soprano","category-vocal","tag-orchestre","tag-soliste","tag-solo_instru","tag-soprano","tag-symphonique","tag-cello","tag-vocal"],"_links":{"self":[{"href":"https:\/\/www.pierrecaner.com\/index.php\/wp-json\/wp\/v2\/posts\/492","targetHints":{"allow":["GET"]}}],"collection":[{"href":"https:\/\/www.pierrecaner.com\/index.php\/wp-json\/wp\/v2\/posts"}],"about":[{"href":"https:\/\/www.pierrecaner.com\/index.php\/wp-json\/wp\/v2\/types\/post"}],"author":[{"embeddable":true,"href":"https:\/\/www.pierrecaner.com\/index.php\/wp-json\/wp\/v2\/users\/1"}],"replies":[{"embeddable":true,"href":"https:\/\/www.pierrecaner.com\/index.php\/wp-json\/wp\/v2\/comments?post=492"}],"version-history":[{"count":5,"href":"https:\/\/www.pierrecaner.com\/index.php\/wp-json\/wp\/v2\/posts\/492\/revisions"}],"predecessor-version":[{"id":1768,"href":"https:\/\/www.pierrecaner.com\/index.php\/wp-json\/wp\/v2\/posts\/492\/revisions\/1768"}],"wp:attachment":[{"href":"https:\/\/www.pierrecaner.com\/index.php\/wp-json\/wp\/v2\/media?parent=492"}],"wp:term":[{"taxonomy":"category","embeddable":true,"href":"https:\/\/www.pierrecaner.com\/index.php\/wp-json\/wp\/v2\/categories?post=492"},{"taxonomy":"post_tag","embeddable":true,"href":"https:\/\/www.pierrecaner.com\/index.php\/wp-json\/wp\/v2\/tags?post=492"}],"curies":[{"name":"wp","href":"https:\/\/api.w.org\/{rel}","templated":true}]}}