{"id":489,"date":"2012-07-04T12:05:33","date_gmt":"2012-07-04T10:05:33","guid":{"rendered":"https:\/\/www.pierrecaner.com\/?p=489"},"modified":"2025-10-21T17:50:24","modified_gmt":"2025-10-21T15:50:24","slug":"sub-tuam-misericordia","status":"publish","type":"post","link":"https:\/\/www.pierrecaner.com\/index.php\/2012\/sub-tuam-misericordia\/","title":{"rendered":"Sub Tuam Misericordia"},"content":{"rendered":"\n<h3 class=\"wp-block-heading\">Pi\u00e8ce pour soprano et orgue<\/h3>\n\n\n\n<p>d\u00e9di\u00e9e \u00e0 Isabelle Fabre, soprano, et \u00e0 Pierre Jean Schoen, titulaire des orgues de la Cath\u00e9drale Sainte-C\u00e9cile d&rsquo;Albi. Commande de l&rsquo;<strong>Association Christophe Moucherel<\/strong> pour les <strong>F\u00eates de la Sainte C\u00e9cile (2012)<\/strong>. Enregistr\u00e9 \u00e0 la Cath\u00e9drale Sainte-C\u00e9cile en novembre 2012, sur le grand orgue Moucherel de 1736.<\/p>\n\n\n\n<div class=\"wp-block-columns is-layout-flex wp-container-core-columns-is-layout-28f84493 wp-block-columns-is-layout-flex\">\n<div class=\"wp-block-column is-layout-flow wp-block-column-is-layout-flow\">\n<figure class=\"wp-block-image aligncenter size-full\"><img loading=\"lazy\" decoding=\"async\" width=\"424\" height=\"831\" src=\"https:\/\/www.pierrecaner.com\/wp-content\/uploads\/2012\/07\/Sub_tuam_fragment.png\" alt=\"\" class=\"wp-image-1424\" srcset=\"https:\/\/www.pierrecaner.com\/wp-content\/uploads\/2012\/07\/Sub_tuam_fragment.png 424w, https:\/\/www.pierrecaner.com\/wp-content\/uploads\/2012\/07\/Sub_tuam_fragment-153x300.png 153w\" sizes=\"auto, (max-width: 424px) 100vw, 424px\" \/><\/figure>\n<\/div>\n\n\n\n<div class=\"wp-block-column is-layout-flow wp-block-column-is-layout-flow\">\n<p class=\"has-ti-accent-secondary-color has-text-color has-link-color has-fraunces-font-family has-small-font-size wp-elements-9d2e2517a47defe7726a7c068fda6b1b\" style=\"font-style:italic;font-weight:300\">Le&nbsp;<strong>Sub tuum pr\u00e6sidium&nbsp;<\/strong>constitue probablement la plus ancienne pri\u00e8re chr\u00e9tienne adress\u00e9e \u00e0 la Vierge Marie. Cette pri\u00e8re \u00e9tait employ\u00e9 depuis longtemps dans les rites d\u2019Orient &amp; d\u2019Occident, selon de nombreuses variantes textuelles, lorsque, en 1917, la John Rylands Library de Manchester fit l\u2019acquisition d\u2019un lot de papyrus en provenance d\u2019Egypte (sans pr\u00e9cision exacte de la localisation o\u00f9 ils furent d\u00e9couverts), parmi lesquels un fragment de 18 cm par 9,4 cm contenait son texte en grec. <br>C. H. Roberts en fit la publication en 1938 (Catalogue of the Greek and Latin Papyri in the John Rylands Library, III, Theological and literacy Texts, Manchester 1938, pp. 46-47). Roberts le date alors du IV\u00e8me si\u00e8cle, estimant impossible une invocation \u00e0 la Th\u00e9otokos avant ce si\u00e8cle. Mais son coll\u00e8gue E. Lobel, se fondant sur une analyse purement pal\u00e9ographe, d\u00e9clara que le texte ne peut absolument pas \u00eatre plus tardif que le III\u00e8me si\u00e8cle, la datation probable se situant entre 250 &amp; 280. Le <strong>Sub tuum pr\u00e6sidium<\/strong> pr\u00e9c\u00e8de donc de plusieurs si\u00e8cles l\u2019Ave Maria dans la pri\u00e8re des chr\u00e9tiens.<\/p>\n\n\n\n<p class=\"has-ti-accent-secondary-color has-text-color has-link-color has-fraunces-font-family has-small-font-size wp-elements-0629cd1b38f8b4e30b07b9d89f38a744\" style=\"font-style:italic;font-weight:300\">Comme toutes les pri\u00e8res liturgiques antiques, le&nbsp;<strong>Sub tuum pr\u00e6sidium&nbsp;<\/strong>pr\u00e9sente une noble simplicit\u00e9, une concision dans l\u2019expression des sentiments, alli\u00e9es \u00e0 une fra\u00eeche spontan\u00e9it\u00e9. Plusieurs r\u00e9miniscences bibliques s\u2019y dessinent, le dernier terme, \u00ab b\u00e9nie \u00bb, renvoyant \u00e0 la salutation d\u2019Elisabeth : Benedicta tu in mulieribus. La communaut\u00e9 chr\u00e9tienne \u00e9gyptienne se tourne directement vers Marie et demande sa protection. Ce recours \u00e0 la Vierge Marie, dans une situation de danger, situe sans doute l\u2019invocation dans un contexte de pers\u00e9cution (celle de Val\u00e9rien ou celle de D\u00e8ce).<\/p>\n<\/div>\n<\/div>\n\n\n\n<p class=\"has-ti-fg-color has-text-color has-link-color wp-elements-d7949464a6ae57510feadf67899fe8a6\" style=\"font-style:normal;font-weight:300\">C&rsquo;est \u00e0 partir d&rsquo;une adaptation en latin du texte grec, diff\u00e9rente par certains termes : \u00ab\u00a0misericordiam\u00a0\u00bb au lieu de \u00ab\u00a0pr\u00e6sidium\u00a0\u00bb, \u00ab\u00a0salva\u00a0\u00bb au lieu de \u00ab\u00a0libera\u00a0\u00bb, \u00ab\u00a0pura\u00a0\u00bb au lieu de \u00ab\u00a0gloriosa\u00a0\u00bb, donnant une inspiration plus humble et plus recueillie au texte que cette pi\u00e8ce a \u00e9t\u00e9 compos\u00e9e.&nbsp;<\/p>\n\n\n\n<p class=\"has-ti-accent-secondary-color has-text-color has-link-color has-small-font-size wp-elements-1a2bb9a910bae87a7626212b2edec414\" style=\"font-style:normal;font-weight:200\"><em>Disponible sur le CD <strong>\u00ab\u00a0Ave Maria\u00a0\u00bb<\/strong> produit par l&rsquo;<strong>Association Christophe Moucherel<\/strong><br><a href=\"http:\/\/www.moucherel.fr\/pages\/menu\/boutique\/nouveau-cd-ave-maria.html\" target=\"_blank\" rel=\"noreferrer noopener\">http:\/\/www.moucherel.fr\/pages\/menu\/boutique\/nouveau-cd-ave-maria.html<\/a><\/em><\/p>\n\n\n\n<hr class=\"wp-block-separator has-alpha-channel-opacity\"\/>\n\n\n\n<p class=\"has-text-align-right has-ti-bg-color has-ti-accent-secondary-background-color has-text-color has-background has-link-color wp-elements-a21baa92d82bc88ec6844481ae8e2544\"><strong>Ann\u00e9e de composition <\/strong>: 2012<br><strong>Dur\u00e9e<\/strong> : 4&rsquo;40<br><strong>Cr\u00e9ation<\/strong> : novembre 2012 <br>(Cath\u00e9drale Sainte-C\u00e9cile, Albi, France)<br><strong>Enregistrement<\/strong> : xxxxx <br><strong>Instrumentation<\/strong> :<br>soprano, orgue<\/p>\n","protected":false},"excerpt":{"rendered":"<p>Pi\u00e8ce pour soprano et orgue d\u00e9di\u00e9e \u00e0 Isabelle Fabre, soprano, et \u00e0 Pierre Jean Schoen, titulaire des orgues de la Cath\u00e9drale Sainte-C\u00e9cile d&rsquo;Albi. Commande de l&rsquo;Association Christophe Moucherel pour les F\u00eates de la Sainte C\u00e9cile (2012). Enregistr\u00e9 \u00e0 la Cath\u00e9drale Sainte-C\u00e9cile en novembre 2012, sur le grand orgue Moucherel de 1736. Le&nbsp;Sub tuum pr\u00e6sidium&nbsp;constitue probablement [&hellip;]<\/p>\n","protected":false},"author":1,"featured_media":1770,"comment_status":"closed","ping_status":"closed","sticky":false,"template":"","format":"standard","meta":{"_themeisle_gutenberg_block_has_review":false,"footnotes":""},"categories":[86,89,25,26,46],"tags":[55,61,18,58,53],"class_list":["post-489","post","type-post","status-publish","format-standard","has-post-thumbnail","hentry","category-soprano_orgue","category-avec_soliste","category-soliste","category-soprano","category-vocal","tag-accompagne","tag-orgue","tag-soliste","tag-soprano","tag-vocal"],"_links":{"self":[{"href":"https:\/\/www.pierrecaner.com\/index.php\/wp-json\/wp\/v2\/posts\/489","targetHints":{"allow":["GET"]}}],"collection":[{"href":"https:\/\/www.pierrecaner.com\/index.php\/wp-json\/wp\/v2\/posts"}],"about":[{"href":"https:\/\/www.pierrecaner.com\/index.php\/wp-json\/wp\/v2\/types\/post"}],"author":[{"embeddable":true,"href":"https:\/\/www.pierrecaner.com\/index.php\/wp-json\/wp\/v2\/users\/1"}],"replies":[{"embeddable":true,"href":"https:\/\/www.pierrecaner.com\/index.php\/wp-json\/wp\/v2\/comments?post=489"}],"version-history":[{"count":12,"href":"https:\/\/www.pierrecaner.com\/index.php\/wp-json\/wp\/v2\/posts\/489\/revisions"}],"predecessor-version":[{"id":1425,"href":"https:\/\/www.pierrecaner.com\/index.php\/wp-json\/wp\/v2\/posts\/489\/revisions\/1425"}],"wp:featuredmedia":[{"embeddable":true,"href":"https:\/\/www.pierrecaner.com\/index.php\/wp-json\/wp\/v2\/media\/1770"}],"wp:attachment":[{"href":"https:\/\/www.pierrecaner.com\/index.php\/wp-json\/wp\/v2\/media?parent=489"}],"wp:term":[{"taxonomy":"category","embeddable":true,"href":"https:\/\/www.pierrecaner.com\/index.php\/wp-json\/wp\/v2\/categories?post=489"},{"taxonomy":"post_tag","embeddable":true,"href":"https:\/\/www.pierrecaner.com\/index.php\/wp-json\/wp\/v2\/tags?post=489"}],"curies":[{"name":"wp","href":"https:\/\/api.w.org\/{rel}","templated":true}]}}