{"id":487,"date":"2017-07-04T11:37:17","date_gmt":"2017-07-04T09:37:17","guid":{"rendered":"https:\/\/www.pierrecaner.com\/?p=487"},"modified":"2025-10-07T22:37:40","modified_gmt":"2025-10-07T20:37:40","slug":"contrastes","status":"publish","type":"post","link":"https:\/\/www.pierrecaner.com\/index.php\/2017\/contrastes\/","title":{"rendered":"Contrastes"},"content":{"rendered":"\n<h3 class=\"wp-block-heading\">M\u00e9lodie pour mezzo-soprano avec piano<\/h3>\n\n\n\n<p>sur une po\u00e9sie de Marie-Jos\u00e9 Caner<\/p>\n\n\n\n<p class=\"has-ti-accent-secondary-color has-text-color has-link-color has-fraunces-font-family wp-elements-7abb757c8df192f07757314084d3d14b\"><em>d\u00e9di\u00e9e \u00e0 <strong>Nadia Yermani<\/strong>, mezzo-soprano et <strong>Fran\u00e7ois Barotte<\/strong>, pianiste<\/em><\/p>\n\n\n\n<p>cr\u00e9ation le 3 juin 2017, lors de la <strong>9\u00e8me \u00e9dition de la Nuit Pastel<\/strong> \u00e0 <strong>Albi<\/strong>, place de la Pile, face \u00e0 la Cath\u00e9drale d&rsquo;Albi (France).<\/p>\n\n\n\n<hr class=\"wp-block-separator has-alpha-channel-opacity\"\/>\n\n\n\n<p class=\"has-text-align-right has-ti-bg-color has-ti-accent-secondary-background-color has-text-color has-background has-link-color wp-elements-600a11c19dc2f51282d78773ae678bc6\"><strong>Ann\u00e9e de composition <\/strong>: 2017<br><strong>Dur\u00e9e<\/strong> : 3&rsquo;50<br><strong>Cr\u00e9ation<\/strong> : juin 2017 (Albi, France)<br><strong>Instrumentation<\/strong> :<br>mezzo-soprano, piano<\/p>\n\n\n\n<figure class=\"wp-block-gallery has-nested-images columns-default is-cropped wp-block-gallery-1 is-layout-flex wp-block-gallery-is-layout-flex\">\n<figure class=\"wp-block-image size-large\"><img loading=\"lazy\" decoding=\"async\" width=\"903\" height=\"598\" data-id=\"562\" src=\"https:\/\/www.pierrecaner.com\/wp-content\/uploads\/2017\/07\/Nadia-Yermani_9Nuit-Pastel_2017.jpg\" alt=\"\" class=\"wp-image-562\" srcset=\"https:\/\/www.pierrecaner.com\/wp-content\/uploads\/2017\/07\/Nadia-Yermani_9Nuit-Pastel_2017.jpg 903w, https:\/\/www.pierrecaner.com\/wp-content\/uploads\/2017\/07\/Nadia-Yermani_9Nuit-Pastel_2017-300x199.jpg 300w, https:\/\/www.pierrecaner.com\/wp-content\/uploads\/2017\/07\/Nadia-Yermani_9Nuit-Pastel_2017-768x509.jpg 768w\" sizes=\"auto, (max-width: 903px) 100vw, 903px\" \/><figcaption class=\"wp-element-caption\">3 juin, moment de gr\u00e2ce place Sainte-C\u00e9cile \u00e0 Albi o\u00f9 la chanteuse lyrique Nadia Yermani se produit lors de la Nuit Pastel.&nbsp;\u00a9 Photo D\u00e9p\u00eache du Midi, Emilie Cayre.<\/figcaption><\/figure>\n\n\n\n<figure class=\"wp-block-image size-large\"><img loading=\"lazy\" decoding=\"async\" width=\"800\" height=\"600\" data-id=\"561\" src=\"https:\/\/www.pierrecaner.com\/wp-content\/uploads\/2017\/07\/Albi-9e-nuit-Pastel-3-juin-2017-92.jpg\" alt=\"\" class=\"wp-image-561\" srcset=\"https:\/\/www.pierrecaner.com\/wp-content\/uploads\/2017\/07\/Albi-9e-nuit-Pastel-3-juin-2017-92.jpg 800w, https:\/\/www.pierrecaner.com\/wp-content\/uploads\/2017\/07\/Albi-9e-nuit-Pastel-3-juin-2017-92-300x225.jpg 300w, https:\/\/www.pierrecaner.com\/wp-content\/uploads\/2017\/07\/Albi-9e-nuit-Pastel-3-juin-2017-92-768x576.jpg 768w\" sizes=\"auto, (max-width: 800px) 100vw, 800px\" \/><figcaption class=\"wp-element-caption\">N. Yermani et F. Barotte<\/figcaption><\/figure>\n<\/figure>\n","protected":false},"excerpt":{"rendered":"<p>M\u00e9lodie pour mezzo-soprano avec piano sur une po\u00e9sie de Marie-Jos\u00e9 Caner d\u00e9di\u00e9e \u00e0 Nadia Yermani, mezzo-soprano et Fran\u00e7ois Barotte, pianiste cr\u00e9ation le 3 juin 2017, lors de la 9\u00e8me \u00e9dition de la Nuit Pastel \u00e0 Albi, place de la Pile, face \u00e0 la Cath\u00e9drale d&rsquo;Albi (France). Ann\u00e9e de composition : 2017Dur\u00e9e : 3&rsquo;50Cr\u00e9ation : juin [&hellip;]<\/p>\n","protected":false},"author":1,"featured_media":0,"comment_status":"closed","ping_status":"closed","sticky":false,"template":"","format":"standard","meta":{"_themeisle_gutenberg_block_has_review":false,"footnotes":""},"categories":[87,88,27,25,46],"tags":[55,76,59,60,18,53],"class_list":["post-487","post","type-post","status-publish","format-standard","hentry","category-mezzo_piano","category-melodie","category-mezzo","category-soliste","category-vocal","tag-accompagne","tag-melodie","tag-mezzo","tag-piano","tag-soliste","tag-vocal"],"_links":{"self":[{"href":"https:\/\/www.pierrecaner.com\/index.php\/wp-json\/wp\/v2\/posts\/487","targetHints":{"allow":["GET"]}}],"collection":[{"href":"https:\/\/www.pierrecaner.com\/index.php\/wp-json\/wp\/v2\/posts"}],"about":[{"href":"https:\/\/www.pierrecaner.com\/index.php\/wp-json\/wp\/v2\/types\/post"}],"author":[{"embeddable":true,"href":"https:\/\/www.pierrecaner.com\/index.php\/wp-json\/wp\/v2\/users\/1"}],"replies":[{"embeddable":true,"href":"https:\/\/www.pierrecaner.com\/index.php\/wp-json\/wp\/v2\/comments?post=487"}],"version-history":[{"count":7,"href":"https:\/\/www.pierrecaner.com\/index.php\/wp-json\/wp\/v2\/posts\/487\/revisions"}],"predecessor-version":[{"id":566,"href":"https:\/\/www.pierrecaner.com\/index.php\/wp-json\/wp\/v2\/posts\/487\/revisions\/566"}],"wp:attachment":[{"href":"https:\/\/www.pierrecaner.com\/index.php\/wp-json\/wp\/v2\/media?parent=487"}],"wp:term":[{"taxonomy":"category","embeddable":true,"href":"https:\/\/www.pierrecaner.com\/index.php\/wp-json\/wp\/v2\/categories?post=487"},{"taxonomy":"post_tag","embeddable":true,"href":"https:\/\/www.pierrecaner.com\/index.php\/wp-json\/wp\/v2\/tags?post=487"}],"curies":[{"name":"wp","href":"https:\/\/api.w.org\/{rel}","templated":true}]}}