{"id":478,"date":"2006-06-26T16:52:00","date_gmt":"2006-06-26T14:52:00","guid":{"rendered":"https:\/\/www.pierrecaner.com\/?p=478"},"modified":"2025-09-25T22:54:52","modified_gmt":"2025-09-25T20:54:52","slug":"trois-pieces","status":"publish","type":"post","link":"https:\/\/www.pierrecaner.com\/index.php\/2006\/trois-pieces\/","title":{"rendered":"Trois pi\u00e8ces"},"content":{"rendered":"\n<h3 class=\"wp-block-heading\">Trois pi\u00e8ces pour choeur mixte et orchestre \u00e0 cordes<\/h3>\n\n\n\n<p class=\"has-fraunces-font-family\">Version pour orchestre \u00e0 cordes des trois pi\u00e8ces pour choeur <br><em><strong><a href=\"https:\/\/www.pierrecaner.com\/index.php\/1987\/06\/30\/le-jardin-sous-la-pluie\/\" data-type=\"post\" data-id=\"425\">Le Jardin sous la pluie<\/a>, <\/strong><\/em><br><em><strong><a href=\"https:\/\/www.pierrecaner.com\/index.php\/1988\/06\/30\/le-lac-et-le-saule\/\" data-type=\"post\" data-id=\"433\">Le Lac et le Saule<\/a> <\/strong><\/em><br><em><strong><a href=\"https:\/\/www.pierrecaner.com\/index.php\/1989\/06\/30\/nuit\/\" data-type=\"post\" data-id=\"435\">Nuit<\/a><\/strong><\/em><\/p>\n\n\n\n<hr class=\"wp-block-separator has-alpha-channel-opacity\"\/>\n\n\n\n<p class=\"has-text-align-right has-ti-bg-color has-ti-accent-secondary-background-color has-text-color has-background has-link-color wp-elements-b540d9a93ce2aba3e9cb10b8abd7814a\"><strong>Ann\u00e9e de composition <\/strong>: 2006<br><strong>Dur\u00e9e<\/strong> : xxxx<br><strong>Langue <\/strong>: fran\u00e7ais<br><strong>Cr\u00e9ation<\/strong> : 2006<br><strong>Instrumentation<\/strong> :<br>choeur mixte \u00e0 4 ou 5 voix, <br>orchestre \u00e0 cordes<\/p>\n","protected":false},"excerpt":{"rendered":"<p>Trois pi\u00e8ces pour choeur mixte et orchestre \u00e0 cordes Version pour orchestre \u00e0 cordes des trois pi\u00e8ces pour choeur Le Jardin sous la pluie, Le Lac et le Saule Nuit Ann\u00e9e de composition : 2006Dur\u00e9e : xxxxLangue : fran\u00e7aisCr\u00e9ation : 2006Instrumentation :choeur mixte \u00e0 4 ou 5 voix, orchestre \u00e0 cordes<\/p>\n","protected":false},"author":1,"featured_media":0,"comment_status":"closed","ping_status":"closed","sticky":false,"template":"","format":"standard","meta":{"_themeisle_gutenberg_block_has_review":false,"footnotes":""},"categories":[22,23,34,35,44,46],"tags":[55,15,63,20,17,74,53],"class_list":["post-478","post","type-post","status-publish","format-standard","hentry","category-mixte_accomp","category-choeur","category-choeur_mixte","category-orchestre","category-orch_cordes","category-vocal","tag-accompagne","tag-choeur","tag-cordes","tag-mixte","tag-orchestre","tag-satb","tag-vocal"],"_links":{"self":[{"href":"https:\/\/www.pierrecaner.com\/index.php\/wp-json\/wp\/v2\/posts\/478","targetHints":{"allow":["GET"]}}],"collection":[{"href":"https:\/\/www.pierrecaner.com\/index.php\/wp-json\/wp\/v2\/posts"}],"about":[{"href":"https:\/\/www.pierrecaner.com\/index.php\/wp-json\/wp\/v2\/types\/post"}],"author":[{"embeddable":true,"href":"https:\/\/www.pierrecaner.com\/index.php\/wp-json\/wp\/v2\/users\/1"}],"replies":[{"embeddable":true,"href":"https:\/\/www.pierrecaner.com\/index.php\/wp-json\/wp\/v2\/comments?post=478"}],"version-history":[{"count":11,"href":"https:\/\/www.pierrecaner.com\/index.php\/wp-json\/wp\/v2\/posts\/478\/revisions"}],"predecessor-version":[{"id":760,"href":"https:\/\/www.pierrecaner.com\/index.php\/wp-json\/wp\/v2\/posts\/478\/revisions\/760"}],"wp:attachment":[{"href":"https:\/\/www.pierrecaner.com\/index.php\/wp-json\/wp\/v2\/media?parent=478"}],"wp:term":[{"taxonomy":"category","embeddable":true,"href":"https:\/\/www.pierrecaner.com\/index.php\/wp-json\/wp\/v2\/categories?post=478"},{"taxonomy":"post_tag","embeddable":true,"href":"https:\/\/www.pierrecaner.com\/index.php\/wp-json\/wp\/v2\/tags?post=478"}],"curies":[{"name":"wp","href":"https:\/\/api.w.org\/{rel}","templated":true}]}}