{"id":476,"date":"2006-07-02T14:17:24","date_gmt":"2006-07-02T12:17:24","guid":{"rendered":"https:\/\/www.pierrecaner.com\/?p=476"},"modified":"2025-10-21T18:00:38","modified_gmt":"2025-10-21T16:00:38","slug":"missa-virginis","status":"publish","type":"post","link":"https:\/\/www.pierrecaner.com\/index.php\/2006\/missa-virginis\/","title":{"rendered":"Missa Virginis"},"content":{"rendered":"\n<h3 class=\"wp-block-heading\">Messe pour soprano et baryton solo, choeur mixte, <br>orchestre \u00e0 cordes, orgue, timbales et percussions<\/h3>\n\n\n\n<p class=\"has-ti-accent-secondary-color has-text-color has-link-color has-fraunces-font-family wp-elements-f124d4232cf0fbdbbbd2f5b94ce02271\">Cette messe est intitul\u00e9e <strong><em>\u00ab\u00a0Missa Virginis\u00a0\u00bb<\/em><\/strong> en raison de la pr\u00e9sence, outre les parties habituelles de la messe, d&rsquo;un <strong><em>Ave Maria<\/em><\/strong> qui cl\u00f4ture l&rsquo;ensemble de l&rsquo;\u0153uvre.<br><\/p>\n\n\n\n<div id=\"wp-block-themeisle-blocks-advanced-columns-116ccbb3\" class=\"wp-block-themeisle-blocks-advanced-columns has-2-columns has-desktop-equal-layout has-tablet-equal-layout has-mobile-collapsedRows-layout has-vertical-unset\"><div class=\"wp-block-themeisle-blocks-advanced-columns-overlay\"><\/div><div class=\"innerblocks-wrap\">\n<div id=\"wp-block-themeisle-blocks-advanced-column-91b22592\" class=\"wp-block-themeisle-blocks-advanced-column\">\n<figure class=\"wp-block-image size-full\"><img loading=\"lazy\" decoding=\"async\" width=\"471\" height=\"663\" src=\"https:\/\/www.pierrecaner.com\/wp-content\/uploads\/2006\/07\/Concert-Missa-Virginis-Caner-Visuel.jpg\" alt=\"\" class=\"wp-image-588\" srcset=\"https:\/\/www.pierrecaner.com\/wp-content\/uploads\/2006\/07\/Concert-Missa-Virginis-Caner-Visuel.jpg 471w, https:\/\/www.pierrecaner.com\/wp-content\/uploads\/2006\/07\/Concert-Missa-Virginis-Caner-Visuel-213x300.jpg 213w\" sizes=\"auto, (max-width: 471px) 100vw, 471px\" \/><\/figure>\n<\/div>\n\n\n\n<div id=\"wp-block-themeisle-blocks-advanced-column-1a082b77\" class=\"wp-block-themeisle-blocks-advanced-column\">\n<p style=\"padding-right:var(--wp--preset--spacing--70);padding-left:var(--wp--preset--spacing--70)\"><br><br><br><br><br>I. Kyrie<br>II. Gloria<br>III. Credo<br>IV. Sanctus<br>V. Agnus Dei<br>VI. Ave Maria<\/p>\n<\/div>\n<\/div><\/div>\n\n\n\n<hr class=\"wp-block-separator has-alpha-channel-opacity\"\/>\n\n\n\n<p class=\"has-text-align-right has-ti-bg-color has-ti-accent-secondary-background-color has-text-color has-background has-link-color wp-elements-1c37365b784611d099843598f46c4f18\"><strong>Ann\u00e9e de composition <\/strong>: 2000 &#8211; 2006<br><strong>Dur\u00e9e<\/strong> : 47&rsquo;00<br><strong>Cr\u00e9ation<\/strong> : 2006, Cath\u00e9drale Sainte C\u00e9cile (Albi, France)<br><strong>Instrumentation<\/strong> : 2 solistes soprano et baryton, <br>choeur mixte, orchestre \u00e0 cordes, <br>orgue, timbales et percussions<\/p>\n\n\n\n<div class=\"wp-block-columns is-layout-flex wp-container-core-columns-is-layout-28f84493 wp-block-columns-is-layout-flex\">\n<div class=\"wp-block-column is-layout-flow wp-block-column-is-layout-flow\">\n<figure data-wp-context=\"{&quot;imageId&quot;:&quot;69f2b9887576a&quot;}\" data-wp-interactive=\"core\/image\" data-wp-key=\"69f2b9887576a\" class=\"wp-block-image size-large wp-lightbox-container\"><img loading=\"lazy\" decoding=\"async\" width=\"724\" height=\"1024\" data-wp-class--hide=\"state.isContentHidden\" data-wp-class--show=\"state.isContentVisible\" data-wp-init=\"callbacks.setButtonStyles\" data-wp-on--click=\"actions.showLightbox\" data-wp-on--load=\"callbacks.setButtonStyles\" data-wp-on-window--resize=\"callbacks.setButtonStyles\" src=\"https:\/\/www.pierrecaner.com\/wp-content\/uploads\/2006\/07\/Missa-Virginis_1-724x1024.jpg\" alt=\"\" class=\"wp-image-1322\" srcset=\"https:\/\/www.pierrecaner.com\/wp-content\/uploads\/2006\/07\/Missa-Virginis_1-724x1024.jpg 724w, https:\/\/www.pierrecaner.com\/wp-content\/uploads\/2006\/07\/Missa-Virginis_1-212x300.jpg 212w, https:\/\/www.pierrecaner.com\/wp-content\/uploads\/2006\/07\/Missa-Virginis_1-768x1087.jpg 768w, https:\/\/www.pierrecaner.com\/wp-content\/uploads\/2006\/07\/Missa-Virginis_1.jpg 826w\" sizes=\"auto, (max-width: 724px) 100vw, 724px\" \/><button\n\t\t\tclass=\"lightbox-trigger\"\n\t\t\ttype=\"button\"\n\t\t\taria-haspopup=\"dialog\"\n\t\t\taria-label=\"Agrandir\"\n\t\t\tdata-wp-init=\"callbacks.initTriggerButton\"\n\t\t\tdata-wp-on--click=\"actions.showLightbox\"\n\t\t\tdata-wp-style--right=\"state.imageButtonRight\"\n\t\t\tdata-wp-style--top=\"state.imageButtonTop\"\n\t\t>\n\t\t\t<svg xmlns=\"http:\/\/www.w3.org\/2000\/svg\" width=\"12\" height=\"12\" fill=\"none\" viewBox=\"0 0 12 12\">\n\t\t\t\t<path fill=\"#fff\" d=\"M2 0a2 2 0 0 0-2 2v2h1.5V2a.5.5 0 0 1 .5-.5h2V0H2Zm2 10.5H2a.5.5 0 0 1-.5-.5V8H0v2a2 2 0 0 0 2 2h2v-1.5ZM8 12v-1.5h2a.5.5 0 0 0 .5-.5V8H12v2a2 2 0 0 1-2 2H8Zm2-12a2 2 0 0 1 2 2v2h-1.5V2a.5.5 0 0 0-.5-.5H8V0h2Z\" \/>\n\t\t\t<\/svg>\n\t\t<\/button><\/figure>\n<\/div>\n\n\n\n<div class=\"wp-block-column is-layout-flow wp-block-column-is-layout-flow\">\n<figure data-wp-context=\"{&quot;imageId&quot;:&quot;69f2b98875db1&quot;}\" data-wp-interactive=\"core\/image\" data-wp-key=\"69f2b98875db1\" class=\"wp-block-image size-large wp-lightbox-container\"><img loading=\"lazy\" decoding=\"async\" width=\"724\" height=\"1024\" data-wp-class--hide=\"state.isContentHidden\" data-wp-class--show=\"state.isContentVisible\" data-wp-init=\"callbacks.setButtonStyles\" data-wp-on--click=\"actions.showLightbox\" data-wp-on--load=\"callbacks.setButtonStyles\" data-wp-on-window--resize=\"callbacks.setButtonStyles\" src=\"https:\/\/www.pierrecaner.com\/wp-content\/uploads\/2006\/07\/Missa-Virginis_2-724x1024.jpg\" alt=\"\" class=\"wp-image-1324\" srcset=\"https:\/\/www.pierrecaner.com\/wp-content\/uploads\/2006\/07\/Missa-Virginis_2-724x1024.jpg 724w, https:\/\/www.pierrecaner.com\/wp-content\/uploads\/2006\/07\/Missa-Virginis_2-212x300.jpg 212w, https:\/\/www.pierrecaner.com\/wp-content\/uploads\/2006\/07\/Missa-Virginis_2-768x1087.jpg 768w, https:\/\/www.pierrecaner.com\/wp-content\/uploads\/2006\/07\/Missa-Virginis_2.jpg 826w\" sizes=\"auto, (max-width: 724px) 100vw, 724px\" \/><button\n\t\t\tclass=\"lightbox-trigger\"\n\t\t\ttype=\"button\"\n\t\t\taria-haspopup=\"dialog\"\n\t\t\taria-label=\"Agrandir\"\n\t\t\tdata-wp-init=\"callbacks.initTriggerButton\"\n\t\t\tdata-wp-on--click=\"actions.showLightbox\"\n\t\t\tdata-wp-style--right=\"state.imageButtonRight\"\n\t\t\tdata-wp-style--top=\"state.imageButtonTop\"\n\t\t>\n\t\t\t<svg xmlns=\"http:\/\/www.w3.org\/2000\/svg\" width=\"12\" height=\"12\" fill=\"none\" viewBox=\"0 0 12 12\">\n\t\t\t\t<path fill=\"#fff\" d=\"M2 0a2 2 0 0 0-2 2v2h1.5V2a.5.5 0 0 1 .5-.5h2V0H2Zm2 10.5H2a.5.5 0 0 1-.5-.5V8H0v2a2 2 0 0 0 2 2h2v-1.5ZM8 12v-1.5h2a.5.5 0 0 0 .5-.5V8H12v2a2 2 0 0 1-2 2H8Zm2-12a2 2 0 0 1 2 2v2h-1.5V2a.5.5 0 0 0-.5-.5H8V0h2Z\" \/>\n\t\t\t<\/svg>\n\t\t<\/button><\/figure>\n<\/div>\n\n\n\n<div class=\"wp-block-column is-layout-flow wp-block-column-is-layout-flow\">\n<figure data-wp-context=\"{&quot;imageId&quot;:&quot;69f2b98876387&quot;}\" data-wp-interactive=\"core\/image\" data-wp-key=\"69f2b98876387\" class=\"wp-block-image size-large wp-duotone-unset-1 wp-lightbox-container\"><img loading=\"lazy\" decoding=\"async\" width=\"724\" height=\"1024\" data-wp-class--hide=\"state.isContentHidden\" data-wp-class--show=\"state.isContentVisible\" data-wp-init=\"callbacks.setButtonStyles\" data-wp-on--click=\"actions.showLightbox\" data-wp-on--load=\"callbacks.setButtonStyles\" data-wp-on-window--resize=\"callbacks.setButtonStyles\" src=\"https:\/\/www.pierrecaner.com\/wp-content\/uploads\/2006\/07\/Missa-Virginis_3-724x1024.jpg\" alt=\"\" class=\"wp-image-1323\" srcset=\"https:\/\/www.pierrecaner.com\/wp-content\/uploads\/2006\/07\/Missa-Virginis_3-724x1024.jpg 724w, https:\/\/www.pierrecaner.com\/wp-content\/uploads\/2006\/07\/Missa-Virginis_3-212x300.jpg 212w, https:\/\/www.pierrecaner.com\/wp-content\/uploads\/2006\/07\/Missa-Virginis_3-768x1087.jpg 768w, https:\/\/www.pierrecaner.com\/wp-content\/uploads\/2006\/07\/Missa-Virginis_3.jpg 826w\" sizes=\"auto, (max-width: 724px) 100vw, 724px\" \/><button\n\t\t\tclass=\"lightbox-trigger\"\n\t\t\ttype=\"button\"\n\t\t\taria-haspopup=\"dialog\"\n\t\t\taria-label=\"Agrandir\"\n\t\t\tdata-wp-init=\"callbacks.initTriggerButton\"\n\t\t\tdata-wp-on--click=\"actions.showLightbox\"\n\t\t\tdata-wp-style--right=\"state.imageButtonRight\"\n\t\t\tdata-wp-style--top=\"state.imageButtonTop\"\n\t\t>\n\t\t\t<svg xmlns=\"http:\/\/www.w3.org\/2000\/svg\" width=\"12\" height=\"12\" fill=\"none\" viewBox=\"0 0 12 12\">\n\t\t\t\t<path fill=\"#fff\" d=\"M2 0a2 2 0 0 0-2 2v2h1.5V2a.5.5 0 0 1 .5-.5h2V0H2Zm2 10.5H2a.5.5 0 0 1-.5-.5V8H0v2a2 2 0 0 0 2 2h2v-1.5ZM8 12v-1.5h2a.5.5 0 0 0 .5-.5V8H12v2a2 2 0 0 1-2 2H8Zm2-12a2 2 0 0 1 2 2v2h-1.5V2a.5.5 0 0 0-.5-.5H8V0h2Z\" \/>\n\t\t\t<\/svg>\n\t\t<\/button><\/figure>\n<\/div>\n<\/div>\n\n\n\n<div class=\"wp-block-columns is-layout-flex wp-container-core-columns-is-layout-28f84493 wp-block-columns-is-layout-flex\">\n<div class=\"wp-block-column is-layout-flow wp-block-column-is-layout-flow\">\n<figure data-wp-context=\"{&quot;imageId&quot;:&quot;69f2b988769bd&quot;}\" data-wp-interactive=\"core\/image\" data-wp-key=\"69f2b988769bd\" class=\"wp-block-image size-large wp-lightbox-container\"><img loading=\"lazy\" decoding=\"async\" width=\"1024\" height=\"681\" data-wp-class--hide=\"state.isContentHidden\" data-wp-class--show=\"state.isContentVisible\" data-wp-init=\"callbacks.setButtonStyles\" data-wp-on--click=\"actions.showLightbox\" data-wp-on--load=\"callbacks.setButtonStyles\" data-wp-on-window--resize=\"callbacks.setButtonStyles\" src=\"https:\/\/www.pierrecaner.com\/wp-content\/uploads\/2006\/07\/7760-1024x681.jpg\" alt=\"\" class=\"wp-image-1778\" srcset=\"https:\/\/www.pierrecaner.com\/wp-content\/uploads\/2006\/07\/7760-1024x681.jpg 1024w, https:\/\/www.pierrecaner.com\/wp-content\/uploads\/2006\/07\/7760-300x200.jpg 300w, https:\/\/www.pierrecaner.com\/wp-content\/uploads\/2006\/07\/7760-768x511.jpg 768w, https:\/\/www.pierrecaner.com\/wp-content\/uploads\/2006\/07\/7760-1536x1022.jpg 1536w, https:\/\/www.pierrecaner.com\/wp-content\/uploads\/2006\/07\/7760-2048x1363.jpg 2048w\" sizes=\"auto, (max-width: 1024px) 100vw, 1024px\" \/><button\n\t\t\tclass=\"lightbox-trigger\"\n\t\t\ttype=\"button\"\n\t\t\taria-haspopup=\"dialog\"\n\t\t\taria-label=\"Agrandir\"\n\t\t\tdata-wp-init=\"callbacks.initTriggerButton\"\n\t\t\tdata-wp-on--click=\"actions.showLightbox\"\n\t\t\tdata-wp-style--right=\"state.imageButtonRight\"\n\t\t\tdata-wp-style--top=\"state.imageButtonTop\"\n\t\t>\n\t\t\t<svg xmlns=\"http:\/\/www.w3.org\/2000\/svg\" width=\"12\" height=\"12\" fill=\"none\" viewBox=\"0 0 12 12\">\n\t\t\t\t<path fill=\"#fff\" d=\"M2 0a2 2 0 0 0-2 2v2h1.5V2a.5.5 0 0 1 .5-.5h2V0H2Zm2 10.5H2a.5.5 0 0 1-.5-.5V8H0v2a2 2 0 0 0 2 2h2v-1.5ZM8 12v-1.5h2a.5.5 0 0 0 .5-.5V8H12v2a2 2 0 0 1-2 2H8Zm2-12a2 2 0 0 1 2 2v2h-1.5V2a.5.5 0 0 0-.5-.5H8V0h2Z\" \/>\n\t\t\t<\/svg>\n\t\t<\/button><\/figure>\n<\/div>\n\n\n\n<div class=\"wp-block-column is-layout-flow wp-block-column-is-layout-flow\">\n<figure class=\"wp-block-image size-large\"><img loading=\"lazy\" decoding=\"async\" width=\"1024\" height=\"681\" src=\"https:\/\/www.pierrecaner.com\/wp-content\/uploads\/2006\/07\/7656-1024x681.jpg\" alt=\"\" class=\"wp-image-1777\" srcset=\"https:\/\/www.pierrecaner.com\/wp-content\/uploads\/2006\/07\/7656-1024x681.jpg 1024w, https:\/\/www.pierrecaner.com\/wp-content\/uploads\/2006\/07\/7656-300x200.jpg 300w, https:\/\/www.pierrecaner.com\/wp-content\/uploads\/2006\/07\/7656-768x511.jpg 768w, https:\/\/www.pierrecaner.com\/wp-content\/uploads\/2006\/07\/7656-1536x1022.jpg 1536w, https:\/\/www.pierrecaner.com\/wp-content\/uploads\/2006\/07\/7656-2048x1363.jpg 2048w\" sizes=\"auto, (max-width: 1024px) 100vw, 1024px\" \/><\/figure>\n<\/div>\n<\/div>\n\n\n\n<p class=\"has-small-font-size\" style=\"margin-top:var(--wp--preset--spacing--20);margin-bottom:var(--wp--preset--spacing--20)\"><em>\u00a9 copyright photos : Guillaume Serpault\u00a02011 &#8211; Eglise de la Daurade, Toulouse (France)<\/em><br>solistes : Isabelle Fabre, soprano, Benoit Duc, baryton<\/p>\n","protected":false},"excerpt":{"rendered":"<p>Messe pour soprano et baryton solo, choeur mixte, orchestre \u00e0 cordes, orgue, timbales et percussions Cette messe est intitul\u00e9e \u00ab\u00a0Missa Virginis\u00a0\u00bb en raison de la pr\u00e9sence, outre les parties habituelles de la messe, d&rsquo;un Ave Maria qui cl\u00f4ture l&rsquo;ensemble de l&rsquo;\u0153uvre. Ann\u00e9e de composition : 2000 &#8211; 2006Dur\u00e9e : 47&rsquo;00Cr\u00e9ation : 2006, Cath\u00e9drale Sainte C\u00e9cile [&hellip;]<\/p>\n","protected":false},"author":1,"featured_media":695,"comment_status":"closed","ping_status":"closed","sticky":false,"template":"","format":"standard","meta":{"_themeisle_gutenberg_block_has_review":false,"footnotes":""},"categories":[22,89,28,23,34,35,44,49,25,26,46],"tags":[55,57,15,63,20,17,61,64,74,18,58,53],"class_list":["post-476","post","type-post","status-publish","format-standard","has-post-thumbnail","hentry","category-mixte_accomp","category-avec_soliste","category-baryton","category-choeur","category-choeur_mixte","category-orchestre","category-orch_cordes","category-percussions","category-soliste","category-soprano","category-vocal","tag-accompagne","tag-baryton","tag-choeur","tag-cordes","tag-mixte","tag-orchestre","tag-orgue","tag-perdus","tag-satb","tag-soliste","tag-soprano","tag-vocal"],"_links":{"self":[{"href":"https:\/\/www.pierrecaner.com\/index.php\/wp-json\/wp\/v2\/posts\/476","targetHints":{"allow":["GET"]}}],"collection":[{"href":"https:\/\/www.pierrecaner.com\/index.php\/wp-json\/wp\/v2\/posts"}],"about":[{"href":"https:\/\/www.pierrecaner.com\/index.php\/wp-json\/wp\/v2\/types\/post"}],"author":[{"embeddable":true,"href":"https:\/\/www.pierrecaner.com\/index.php\/wp-json\/wp\/v2\/users\/1"}],"replies":[{"embeddable":true,"href":"https:\/\/www.pierrecaner.com\/index.php\/wp-json\/wp\/v2\/comments?post=476"}],"version-history":[{"count":14,"href":"https:\/\/www.pierrecaner.com\/index.php\/wp-json\/wp\/v2\/posts\/476\/revisions"}],"predecessor-version":[{"id":1779,"href":"https:\/\/www.pierrecaner.com\/index.php\/wp-json\/wp\/v2\/posts\/476\/revisions\/1779"}],"wp:featuredmedia":[{"embeddable":true,"href":"https:\/\/www.pierrecaner.com\/index.php\/wp-json\/wp\/v2\/media\/695"}],"wp:attachment":[{"href":"https:\/\/www.pierrecaner.com\/index.php\/wp-json\/wp\/v2\/media?parent=476"}],"wp:term":[{"taxonomy":"category","embeddable":true,"href":"https:\/\/www.pierrecaner.com\/index.php\/wp-json\/wp\/v2\/categories?post=476"},{"taxonomy":"post_tag","embeddable":true,"href":"https:\/\/www.pierrecaner.com\/index.php\/wp-json\/wp\/v2\/tags?post=476"}],"curies":[{"name":"wp","href":"https:\/\/api.w.org\/{rel}","templated":true}]}}