{"id":473,"date":"1993-07-04T11:38:15","date_gmt":"1993-07-04T09:38:15","guid":{"rendered":"https:\/\/www.pierrecaner.com\/?p=473"},"modified":"2025-10-21T18:03:26","modified_gmt":"2025-10-21T16:03:26","slug":"soleils-couchants","status":"publish","type":"post","link":"https:\/\/www.pierrecaner.com\/index.php\/1993\/soleils-couchants\/","title":{"rendered":"Soleils Couchants"},"content":{"rendered":"\n<h3 class=\"wp-block-heading\">M\u00e9lodie pour soprano avec piano<\/h3>\n\n\n\n<p>sur une po\u00e9sie de Paul Verlaine<\/p>\n\n\n\n<div class=\"wp-block-group is-layout-constrained wp-block-group-is-layout-constrained\">\n<div class=\"wp-block-columns is-layout-flex wp-container-core-columns-is-layout-28f84493 wp-block-columns-is-layout-flex\">\n<div class=\"wp-block-column has-background has-fraunces-font-family is-layout-flow wp-block-column-is-layout-flow\" style=\"background-color:#f6f2d8;padding-top:var(--wp--preset--spacing--40);padding-right:var(--wp--preset--spacing--40);padding-bottom:var(--wp--preset--spacing--40);padding-left:var(--wp--preset--spacing--40);font-style:italic;font-weight:300;flex-basis:66.66%\">\n<p><strong>Soleils couchants<\/strong><\/p>\n\n\n\n<p>Une aube affaiblie<br>Verse par les champs<br>La m\u00e9lancolie<br>Des soleils couchants.<br>La m\u00e9lancolie<br>Berce de doux chants<br>Mon c\u0153ur qui s\u2019oublie<br>Aux soleils couchants.<br>Et d\u2019\u00e9tranges r\u00eaves,<br>Comme des soleils<br>Couchants sur les gr\u00e8ves,<br>Fant\u00f4mes vermeils,<br>D\u00e9filent sans tr\u00eaves,<br>D\u00e9filent, pareils<br>\u00c0 de grands soleils<br>Couchants sur les gr\u00e8ves.<\/p>\n\n\n\n<p>Paul Verlaine,&nbsp;<em><strong>Po\u00e8mes Saturniens<\/strong><\/em><\/p>\n<\/div>\n\n\n\n<div class=\"wp-block-column is-layout-flow wp-block-column-is-layout-flow\" style=\"flex-basis:33.33%\">\n<figure class=\"wp-block-image size-full\"><img loading=\"lazy\" decoding=\"async\" width=\"406\" height=\"600\" src=\"https:\/\/www.pierrecaner.com\/wp-content\/uploads\/1993\/07\/Verlaine.jpg\" alt=\"\" class=\"wp-image-1135\" srcset=\"https:\/\/www.pierrecaner.com\/wp-content\/uploads\/1993\/07\/Verlaine.jpg 406w, https:\/\/www.pierrecaner.com\/wp-content\/uploads\/1993\/07\/Verlaine-203x300.jpg 203w\" sizes=\"auto, (max-width: 406px) 100vw, 406px\" \/><\/figure>\n\n\n\n<p class=\"has-text-align-right has-fraunces-font-family has-small-font-size\"><em>Photographie de Verlaine <\/em><br><em>par Alcide Allevy. 1883<\/em><\/p>\n<\/div>\n<\/div>\n<\/div>\n\n\n\n<hr class=\"wp-block-separator has-alpha-channel-opacity\"\/>\n\n\n\n<p class=\"has-text-align-right has-ti-bg-color has-ti-accent-secondary-background-color has-text-color has-background has-link-color wp-elements-3e40c66b7bdabc9750fd08c35cdf4b96\"><strong>Ann\u00e9e de composition <\/strong>: 1993<br><strong>Dur\u00e9e<\/strong> : 3&rsquo;00<br><strong>Cr\u00e9ation<\/strong> : 1993, Th\u00e9\u00e2tre Municipal d&rsquo;Albi, France<br><strong>Instrumentation<\/strong> :<br>soprano solo, piano<\/p>\n\n\n\n<div class=\"wp-block-columns is-layout-flex wp-container-core-columns-is-layout-28f84493 wp-block-columns-is-layout-flex\">\n<div class=\"wp-block-column is-layout-flow wp-block-column-is-layout-flow\">\n<figure data-wp-context=\"{&quot;imageId&quot;:&quot;69f2bc39720dc&quot;}\" data-wp-interactive=\"core\/image\" data-wp-key=\"69f2bc39720dc\" class=\"wp-block-image size-large wp-lightbox-container\"><img loading=\"lazy\" decoding=\"async\" width=\"724\" height=\"1024\" data-wp-class--hide=\"state.isContentHidden\" data-wp-class--show=\"state.isContentVisible\" data-wp-init=\"callbacks.setButtonStyles\" data-wp-on--click=\"actions.showLightbox\" data-wp-on--load=\"callbacks.setButtonStyles\" data-wp-on-window--resize=\"callbacks.setButtonStyles\" src=\"https:\/\/www.pierrecaner.com\/wp-content\/uploads\/1993\/07\/Soleils-Couchants_1-724x1024.jpg\" alt=\"\" class=\"wp-image-1140\" srcset=\"https:\/\/www.pierrecaner.com\/wp-content\/uploads\/1993\/07\/Soleils-Couchants_1-724x1024.jpg 724w, https:\/\/www.pierrecaner.com\/wp-content\/uploads\/1993\/07\/Soleils-Couchants_1-212x300.jpg 212w, https:\/\/www.pierrecaner.com\/wp-content\/uploads\/1993\/07\/Soleils-Couchants_1-768x1086.jpg 768w, https:\/\/www.pierrecaner.com\/wp-content\/uploads\/1993\/07\/Soleils-Couchants_1-1087x1536.jpg 1087w, https:\/\/www.pierrecaner.com\/wp-content\/uploads\/1993\/07\/Soleils-Couchants_1.jpg 1240w\" sizes=\"auto, (max-width: 724px) 100vw, 724px\" \/><button\n\t\t\tclass=\"lightbox-trigger\"\n\t\t\ttype=\"button\"\n\t\t\taria-haspopup=\"dialog\"\n\t\t\taria-label=\"Agrandir\"\n\t\t\tdata-wp-init=\"callbacks.initTriggerButton\"\n\t\t\tdata-wp-on--click=\"actions.showLightbox\"\n\t\t\tdata-wp-style--right=\"state.imageButtonRight\"\n\t\t\tdata-wp-style--top=\"state.imageButtonTop\"\n\t\t>\n\t\t\t<svg xmlns=\"http:\/\/www.w3.org\/2000\/svg\" width=\"12\" height=\"12\" fill=\"none\" viewBox=\"0 0 12 12\">\n\t\t\t\t<path fill=\"#fff\" d=\"M2 0a2 2 0 0 0-2 2v2h1.5V2a.5.5 0 0 1 .5-.5h2V0H2Zm2 10.5H2a.5.5 0 0 1-.5-.5V8H0v2a2 2 0 0 0 2 2h2v-1.5ZM8 12v-1.5h2a.5.5 0 0 0 .5-.5V8H12v2a2 2 0 0 1-2 2H8Zm2-12a2 2 0 0 1 2 2v2h-1.5V2a.5.5 0 0 0-.5-.5H8V0h2Z\" \/>\n\t\t\t<\/svg>\n\t\t<\/button><\/figure>\n<\/div>\n\n\n\n<div class=\"wp-block-column is-layout-flow wp-block-column-is-layout-flow\"><\/div>\n\n\n\n<div class=\"wp-block-column is-layout-flow wp-block-column-is-layout-flow\"><\/div>\n<\/div>\n","protected":false},"excerpt":{"rendered":"<p>M\u00e9lodie pour soprano avec piano sur une po\u00e9sie de Paul Verlaine Soleils couchants Une aube affaiblieVerse par les champsLa m\u00e9lancolieDes soleils couchants.La m\u00e9lancolieBerce de doux chantsMon c\u0153ur qui s\u2019oublieAux soleils couchants.Et d\u2019\u00e9tranges r\u00eaves,Comme des soleilsCouchants sur les gr\u00e8ves,Fant\u00f4mes vermeils,D\u00e9filent sans tr\u00eaves,D\u00e9filent, pareils\u00c0 de grands soleilsCouchants sur les gr\u00e8ves. Paul Verlaine,&nbsp;Po\u00e8mes Saturniens Photographie de Verlaine par [&hellip;]<\/p>\n","protected":false},"author":1,"featured_media":1138,"comment_status":"closed","ping_status":"closed","sticky":false,"template":"","format":"standard","meta":{"_themeisle_gutenberg_block_has_review":false,"footnotes":""},"categories":[85,88,25,26,46],"tags":[55,76,60,18,58,53],"class_list":["post-473","post","type-post","status-publish","format-standard","has-post-thumbnail","hentry","category-soprano_piano","category-melodie","category-soliste","category-soprano","category-vocal","tag-accompagne","tag-melodie","tag-piano","tag-soliste","tag-soprano","tag-vocal"],"_links":{"self":[{"href":"https:\/\/www.pierrecaner.com\/index.php\/wp-json\/wp\/v2\/posts\/473","targetHints":{"allow":["GET"]}}],"collection":[{"href":"https:\/\/www.pierrecaner.com\/index.php\/wp-json\/wp\/v2\/posts"}],"about":[{"href":"https:\/\/www.pierrecaner.com\/index.php\/wp-json\/wp\/v2\/types\/post"}],"author":[{"embeddable":true,"href":"https:\/\/www.pierrecaner.com\/index.php\/wp-json\/wp\/v2\/users\/1"}],"replies":[{"embeddable":true,"href":"https:\/\/www.pierrecaner.com\/index.php\/wp-json\/wp\/v2\/comments?post=473"}],"version-history":[{"count":9,"href":"https:\/\/www.pierrecaner.com\/index.php\/wp-json\/wp\/v2\/posts\/473\/revisions"}],"predecessor-version":[{"id":1781,"href":"https:\/\/www.pierrecaner.com\/index.php\/wp-json\/wp\/v2\/posts\/473\/revisions\/1781"}],"wp:featuredmedia":[{"embeddable":true,"href":"https:\/\/www.pierrecaner.com\/index.php\/wp-json\/wp\/v2\/media\/1138"}],"wp:attachment":[{"href":"https:\/\/www.pierrecaner.com\/index.php\/wp-json\/wp\/v2\/media?parent=473"}],"wp:term":[{"taxonomy":"category","embeddable":true,"href":"https:\/\/www.pierrecaner.com\/index.php\/wp-json\/wp\/v2\/categories?post=473"},{"taxonomy":"post_tag","embeddable":true,"href":"https:\/\/www.pierrecaner.com\/index.php\/wp-json\/wp\/v2\/tags?post=473"}],"curies":[{"name":"wp","href":"https:\/\/api.w.org\/{rel}","templated":true}]}}