{"id":450,"date":"1992-06-30T17:06:00","date_gmt":"1992-06-30T15:06:00","guid":{"rendered":"https:\/\/www.pierrecaner.com\/?p=450"},"modified":"2025-10-04T21:37:12","modified_gmt":"2025-10-04T19:37:12","slug":"chants-de-neige","status":"publish","type":"post","link":"https:\/\/www.pierrecaner.com\/index.php\/1992\/chants-de-neige\/","title":{"rendered":"Chants de Neige"},"content":{"rendered":"\n<h3 class=\"wp-block-heading\">5 pi\u00e8ces pour choeur mixte \u00e0 4 voix et quatuor \u00e0 cordes<\/h3>\n\n\n\n<p>sur des po\u00e8mes de Marie-Jos\u00e9 Caner et de Louisa Paulin<\/p>\n\n\n\n<p class=\"has-ti-accent-secondary-color has-text-color has-link-color has-fraunces-font-family wp-elements-7cb9f9122a7703ee939527979f5dc528\"><em>Commande de l&rsquo;<strong>ADDA <\/strong>et <em>du <strong>Conseil G\u00e9n\u00e9ral du Tarn<\/strong><\/em> en 1992<\/em><\/p>\n\n\n\n<p>Cr\u00e9ation, en d\u00e9cembre 1992, par le Ch\u0153ur D\u00e9partemental du Tarn <br>dirig\u00e9 par <strong>Pierre GAVIGNAUD<\/strong> .<\/p>\n\n\n\n<hr class=\"wp-block-separator has-alpha-channel-opacity\"\/>\n\n\n\n<ul class=\"wp-block-list\">\n<li>Ouverture (instrumental)<\/li>\n\n\n\n<li>Procession (po\u00e9sie de Marie-Jos\u00e9 Caner)<\/li>\n\n\n\n<li>Chant de neige (po\u00e9sie de Louisa Paulin) <\/li>\n\n\n\n<li>Chant de No\u00ebl (po\u00e9sie de Louisa Paulin)<\/li>\n\n\n\n<li>No\u00ebl (po\u00e9sie de Marie-Jos\u00e9 Caner)<\/li>\n<\/ul>\n\n\n\n<div class=\"wp-block-columns is-layout-flex wp-container-core-columns-is-layout-28f84493 wp-block-columns-is-layout-flex\">\n<div class=\"wp-block-column is-layout-flow wp-block-column-is-layout-flow\">\n<figure data-wp-context=\"{&quot;imageId&quot;:&quot;69f2bc8e145c0&quot;}\" data-wp-interactive=\"core\/image\" data-wp-key=\"69f2bc8e145c0\" class=\"wp-block-image size-large wp-lightbox-container\"><img loading=\"lazy\" decoding=\"async\" width=\"724\" height=\"1024\" data-wp-class--hide=\"state.isContentHidden\" data-wp-class--show=\"state.isContentVisible\" data-wp-init=\"callbacks.setButtonStyles\" data-wp-on--click=\"actions.showLightbox\" data-wp-on--load=\"callbacks.setButtonStyles\" data-wp-on-window--resize=\"callbacks.setButtonStyles\" src=\"https:\/\/www.pierrecaner.com\/wp-content\/uploads\/1992\/06\/Chant-de-Neige-II_1-724x1024.jpg\" alt=\"\" class=\"wp-image-1399\" srcset=\"https:\/\/www.pierrecaner.com\/wp-content\/uploads\/1992\/06\/Chant-de-Neige-II_1-724x1024.jpg 724w, https:\/\/www.pierrecaner.com\/wp-content\/uploads\/1992\/06\/Chant-de-Neige-II_1-212x300.jpg 212w, https:\/\/www.pierrecaner.com\/wp-content\/uploads\/1992\/06\/Chant-de-Neige-II_1-768x1087.jpg 768w, https:\/\/www.pierrecaner.com\/wp-content\/uploads\/1992\/06\/Chant-de-Neige-II_1.jpg 826w\" sizes=\"auto, (max-width: 724px) 100vw, 724px\" \/><button\n\t\t\tclass=\"lightbox-trigger\"\n\t\t\ttype=\"button\"\n\t\t\taria-haspopup=\"dialog\"\n\t\t\taria-label=\"Agrandir\"\n\t\t\tdata-wp-init=\"callbacks.initTriggerButton\"\n\t\t\tdata-wp-on--click=\"actions.showLightbox\"\n\t\t\tdata-wp-style--right=\"state.imageButtonRight\"\n\t\t\tdata-wp-style--top=\"state.imageButtonTop\"\n\t\t>\n\t\t\t<svg xmlns=\"http:\/\/www.w3.org\/2000\/svg\" width=\"12\" height=\"12\" fill=\"none\" viewBox=\"0 0 12 12\">\n\t\t\t\t<path fill=\"#fff\" d=\"M2 0a2 2 0 0 0-2 2v2h1.5V2a.5.5 0 0 1 .5-.5h2V0H2Zm2 10.5H2a.5.5 0 0 1-.5-.5V8H0v2a2 2 0 0 0 2 2h2v-1.5ZM8 12v-1.5h2a.5.5 0 0 0 .5-.5V8H12v2a2 2 0 0 1-2 2H8Zm2-12a2 2 0 0 1 2 2v2h-1.5V2a.5.5 0 0 0-.5-.5H8V0h2Z\" \/>\n\t\t\t<\/svg>\n\t\t<\/button><\/figure>\n<\/div>\n\n\n\n<div class=\"wp-block-column is-layout-flow wp-block-column-is-layout-flow\"><\/div>\n\n\n\n<div class=\"wp-block-column is-layout-flow wp-block-column-is-layout-flow\"><\/div>\n<\/div>\n\n\n\n<hr class=\"wp-block-separator has-alpha-channel-opacity\"\/>\n\n\n\n<p class=\"has-text-align-right has-ti-bg-color has-ti-accent-secondary-background-color has-text-color has-background has-link-color wp-elements-bd5d5ce41d135a57b58fa3e730870c19\"><strong>Ann\u00e9e de composition <\/strong>: 1992<br><strong>Dur\u00e9e<\/strong> : 19&rsquo;15<br><strong>Cr\u00e9ation<\/strong> : d\u00e9cembre 1992<br><strong>Instrumentation<\/strong> :<br>choeur mixte \u00e0 4 voix (SATB), quatuor \u00e0 cordes<\/p>\n","protected":false},"excerpt":{"rendered":"<p>5 pi\u00e8ces pour choeur mixte \u00e0 4 voix et quatuor \u00e0 cordes sur des po\u00e8mes de Marie-Jos\u00e9 Caner et de Louisa Paulin Commande de l&rsquo;ADDA et du Conseil G\u00e9n\u00e9ral du Tarn en 1992 Cr\u00e9ation, en d\u00e9cembre 1992, par le Ch\u0153ur D\u00e9partemental du Tarn dirig\u00e9 par Pierre GAVIGNAUD . Ann\u00e9e de composition : 1992Dur\u00e9e : 19&rsquo;15Cr\u00e9ation [&hellip;]<\/p>\n","protected":false},"author":1,"featured_media":0,"comment_status":"closed","ping_status":"closed","sticky":false,"template":"","format":"standard","meta":{"_themeisle_gutenberg_block_has_review":false,"footnotes":""},"categories":[22,47,23,50,34,46],"tags":[55,15,63,20,70,74,53],"class_list":["post-450","post","type-post","status-publish","format-standard","hentry","category-mixte_accomp","category-chambre","category-choeur","category-cordes","category-choeur_mixte","category-vocal","tag-accompagne","tag-choeur","tag-cordes","tag-mixte","tag-quatuor","tag-satb","tag-vocal"],"_links":{"self":[{"href":"https:\/\/www.pierrecaner.com\/index.php\/wp-json\/wp\/v2\/posts\/450","targetHints":{"allow":["GET"]}}],"collection":[{"href":"https:\/\/www.pierrecaner.com\/index.php\/wp-json\/wp\/v2\/posts"}],"about":[{"href":"https:\/\/www.pierrecaner.com\/index.php\/wp-json\/wp\/v2\/types\/post"}],"author":[{"embeddable":true,"href":"https:\/\/www.pierrecaner.com\/index.php\/wp-json\/wp\/v2\/users\/1"}],"replies":[{"embeddable":true,"href":"https:\/\/www.pierrecaner.com\/index.php\/wp-json\/wp\/v2\/comments?post=450"}],"version-history":[{"count":9,"href":"https:\/\/www.pierrecaner.com\/index.php\/wp-json\/wp\/v2\/posts\/450\/revisions"}],"predecessor-version":[{"id":1400,"href":"https:\/\/www.pierrecaner.com\/index.php\/wp-json\/wp\/v2\/posts\/450\/revisions\/1400"}],"wp:attachment":[{"href":"https:\/\/www.pierrecaner.com\/index.php\/wp-json\/wp\/v2\/media?parent=450"}],"wp:term":[{"taxonomy":"category","embeddable":true,"href":"https:\/\/www.pierrecaner.com\/index.php\/wp-json\/wp\/v2\/categories?post=450"},{"taxonomy":"post_tag","embeddable":true,"href":"https:\/\/www.pierrecaner.com\/index.php\/wp-json\/wp\/v2\/tags?post=450"}],"curies":[{"name":"wp","href":"https:\/\/api.w.org\/{rel}","templated":true}]}}