{"id":442,"date":"1991-06-30T16:48:00","date_gmt":"1991-06-30T14:48:00","guid":{"rendered":"https:\/\/www.pierrecaner.com\/?p=442"},"modified":"2025-10-04T21:18:01","modified_gmt":"2025-10-04T19:18:01","slug":"sonate-pour-flute","status":"publish","type":"post","link":"https:\/\/www.pierrecaner.com\/index.php\/1991\/sonate-pour-flute\/","title":{"rendered":"Sonate pour fl\u00fbte et piano"},"content":{"rendered":"\n<h3 class=\"wp-block-heading\">pour fl\u00fbte et piano<\/h3>\n\n\n\n<p>D\u00e9di\u00e9e \u00e0 Christine Godbert-Caner et Jean-Christophe Maillard<br>Edit\u00e9e chez \u00a9 \u00e9ditions <a href=\"https:\/\/alfonce-production.com\/product-category\/compositeurs\/caner-pierre\/\" target=\"_blank\" rel=\"noreferrer noopener\">ALFONCE PRODUCTIONS<\/a> &#8211; Coll. <strong>Inspiration<\/strong> &#8211; r\u00e9f. A180 001 P<\/p>\n\n\n\n<div class=\"wp-block-columns is-layout-flex wp-container-core-columns-is-layout-28f84493 wp-block-columns-is-layout-flex\">\n<div class=\"wp-block-column is-layout-flow wp-block-column-is-layout-flow\">\n<figure class=\"wp-block-image size-full\"><a href=\"https:\/\/alfonce-production.com\/product\/sonate-pour-flute-et-piano\/\" target=\"_blank\" rel=\" noreferrer noopener\"><img loading=\"lazy\" decoding=\"async\" width=\"301\" height=\"414\" src=\"https:\/\/www.pierrecaner.com\/wp-content\/uploads\/1991\/06\/sonate-pour-flute-et-piano.jpg\" alt=\"\" class=\"wp-image-444\" srcset=\"https:\/\/www.pierrecaner.com\/wp-content\/uploads\/1991\/06\/sonate-pour-flute-et-piano.jpg 301w, https:\/\/www.pierrecaner.com\/wp-content\/uploads\/1991\/06\/sonate-pour-flute-et-piano-218x300.jpg 218w\" sizes=\"auto, (max-width: 301px) 100vw, 301px\" \/><\/a><\/figure>\n<\/div>\n\n\n\n<div class=\"wp-block-column is-layout-flow wp-block-column-is-layout-flow\">\n<figure class=\"wp-block-image size-large\"><img decoding=\"async\" src=\"https:\/\/alfonce-production.com\/wp-content\/uploads\/2025\/09\/Sonate_pour_flute_et_piano_677_3739-1.jpg\" alt=\"\"\/><\/figure>\n<\/div>\n\n\n\n<div class=\"wp-block-column is-layout-flow wp-block-column-is-layout-flow\">\n<div style=\"height:123px\" aria-hidden=\"true\" class=\"wp-block-spacer\"><\/div>\n\n\n\n<p class=\"has-small-font-size\" style=\"padding-right:var(--wp--preset--spacing--30);padding-left:var(--wp--preset--spacing--30)\">en <strong>4 mouvements<\/strong><br>I. Moderato &#8211; Vif<br>II. Tr\u00e8s lent<br>III. Allegretto<br>IV. \u00c9nergique<\/p>\n\n\n\n<p class=\"has-text-align-left has-ti-accent-color has-text-color has-link-color has-fraunces-font-family has-small-font-size wp-elements-020748b3620701b3191e0835e3cfdb2a\"><em><a href=\"https:\/\/alfonce-production.com\/product\/sonate-pour-flute-et-piano\/\" target=\"_blank\" rel=\"noreferrer noopener\">commandez la partition <strong>ici<\/strong><\/a><\/em><\/p>\n<\/div>\n<\/div>\n\n\n\n<p class=\"has-text-align-right has-small-font-size\"><em>\u00a9 visuels propri\u00e9t\u00e9 de ALFONCE PRODUCTIONS<\/em><\/p>\n\n\n\n<hr class=\"wp-block-separator has-alpha-channel-opacity\"\/>\n\n\n\n<p class=\"has-text-align-right has-ti-bg-color has-ti-accent-secondary-background-color has-text-color has-background has-link-color wp-elements-6cb8a21e17bb3c5f2156f4bf927c0988\"><strong>Ann\u00e9e de composition <\/strong>: 1991 &#8211; 1993<br><strong>Dur\u00e9e<\/strong> : 16&rsquo;45<br><strong>Cr\u00e9ation<\/strong> : xxxx 2006<br><strong>Instrumentation<\/strong> :<br>fl\u00fbte traversi\u00e8re, piano<\/p>\n","protected":false},"excerpt":{"rendered":"<p>pour fl\u00fbte et piano D\u00e9di\u00e9e \u00e0 Christine Godbert-Caner et Jean-Christophe MaillardEdit\u00e9e chez \u00a9 \u00e9ditions ALFONCE PRODUCTIONS &#8211; Coll. Inspiration &#8211; r\u00e9f. A180 001 P en 4 mouvementsI. Moderato &#8211; VifII. Tr\u00e8s lentIII. AllegrettoIV. \u00c9nergique commandez la partition ici \u00a9 visuels propri\u00e9t\u00e9 de ALFONCE PRODUCTIONS Ann\u00e9e de composition : 1991 &#8211; 1993Dur\u00e9e : 16&rsquo;45Cr\u00e9ation : xxxx [&hellip;]<\/p>\n","protected":false},"author":1,"featured_media":1380,"comment_status":"closed","ping_status":"closed","sticky":false,"template":"","format":"standard","meta":{"_themeisle_gutenberg_block_has_review":false,"footnotes":""},"categories":[90,47,81],"tags":[73,54,60],"class_list":["post-442","post","type-post","status-publish","format-standard","has-post-thumbnail","hentry","category-bois","category-chambre","category-chambre_piano","tag-flute","tag-chambre","tag-piano"],"_links":{"self":[{"href":"https:\/\/www.pierrecaner.com\/index.php\/wp-json\/wp\/v2\/posts\/442","targetHints":{"allow":["GET"]}}],"collection":[{"href":"https:\/\/www.pierrecaner.com\/index.php\/wp-json\/wp\/v2\/posts"}],"about":[{"href":"https:\/\/www.pierrecaner.com\/index.php\/wp-json\/wp\/v2\/types\/post"}],"author":[{"embeddable":true,"href":"https:\/\/www.pierrecaner.com\/index.php\/wp-json\/wp\/v2\/users\/1"}],"replies":[{"embeddable":true,"href":"https:\/\/www.pierrecaner.com\/index.php\/wp-json\/wp\/v2\/comments?post=442"}],"version-history":[{"count":14,"href":"https:\/\/www.pierrecaner.com\/index.php\/wp-json\/wp\/v2\/posts\/442\/revisions"}],"predecessor-version":[{"id":1382,"href":"https:\/\/www.pierrecaner.com\/index.php\/wp-json\/wp\/v2\/posts\/442\/revisions\/1382"}],"wp:featuredmedia":[{"embeddable":true,"href":"https:\/\/www.pierrecaner.com\/index.php\/wp-json\/wp\/v2\/media\/1380"}],"wp:attachment":[{"href":"https:\/\/www.pierrecaner.com\/index.php\/wp-json\/wp\/v2\/media?parent=442"}],"wp:term":[{"taxonomy":"category","embeddable":true,"href":"https:\/\/www.pierrecaner.com\/index.php\/wp-json\/wp\/v2\/categories?post=442"},{"taxonomy":"post_tag","embeddable":true,"href":"https:\/\/www.pierrecaner.com\/index.php\/wp-json\/wp\/v2\/tags?post=442"}],"curies":[{"name":"wp","href":"https:\/\/api.w.org\/{rel}","templated":true}]}}