{"id":433,"date":"1988-06-30T16:35:00","date_gmt":"1988-06-30T14:35:00","guid":{"rendered":"https:\/\/www.pierrecaner.com\/?p=433"},"modified":"2025-10-04T21:02:36","modified_gmt":"2025-10-04T19:02:36","slug":"le-lac-et-le-saule","status":"publish","type":"post","link":"https:\/\/www.pierrecaner.com\/index.php\/1988\/le-lac-et-le-saule\/","title":{"rendered":"Le Lac et le Saule"},"content":{"rendered":"\n<h3 class=\"wp-block-heading\">Pi\u00e8ce pour choeur mixte \u00e0 4 voix <br>avec accompagnement de piano<\/h3>\n\n\n\n<p>sur un po\u00e8me d&rsquo;Isabelle Caner<\/p>\n\n\n\n<div class=\"wp-block-columns is-layout-flex wp-container-core-columns-is-layout-28f84493 wp-block-columns-is-layout-flex\">\n<div class=\"wp-block-column is-layout-flow wp-block-column-is-layout-flow\"><\/div>\n\n\n\n<div class=\"wp-block-column is-layout-flow wp-block-column-is-layout-flow\"><\/div>\n\n\n\n<div class=\"wp-block-column is-layout-flow wp-block-column-is-layout-flow\"><\/div>\n<\/div>\n\n\n\n<hr class=\"wp-block-separator has-alpha-channel-opacity\"\/>\n\n\n\n<p class=\"has-text-align-right has-ti-bg-color has-ti-accent-secondary-background-color has-text-color has-background has-link-color wp-elements-8e10bf40ddf0b84db57ec83142944c62\"><strong>Ann\u00e9e de composition <\/strong>: 1988<br><strong>Dur\u00e9e<\/strong> : xxxxx<br><strong>Cr\u00e9ation<\/strong> : xxxx<br><strong>Instrumentation<\/strong> :<br>choeur mixte \u00e0 4 voix (SATB), piano<\/p>\n\n\n\n<p class=\"has-text-align-right has-small-font-size\"><em>* il existe une version de cette pi\u00e8ce avec accompagnement pour orchestre cordes<\/em><br><strong><a href=\"https:\/\/www.pierrecaner.com\/index.php\/2025\/07\/26\/trois-pieces\/\" data-type=\"post\" data-id=\"478\">Trois pi\u00e8ces pour choeur et orchestre \u00e0 cordes<\/a><\/strong><\/p>\n","protected":false},"excerpt":{"rendered":"<p>Pi\u00e8ce pour choeur mixte \u00e0 4 voix avec accompagnement de piano sur un po\u00e8me d&rsquo;Isabelle Caner Ann\u00e9e de composition : 1988Dur\u00e9e : xxxxxCr\u00e9ation : xxxxInstrumentation :choeur mixte \u00e0 4 voix (SATB), piano * il existe une version de cette pi\u00e8ce avec accompagnement pour orchestre cordesTrois pi\u00e8ces pour choeur et orchestre \u00e0 cordes<\/p>\n","protected":false},"author":1,"featured_media":599,"comment_status":"closed","ping_status":"closed","sticky":false,"template":"","format":"standard","meta":{"_themeisle_gutenberg_block_has_review":false,"footnotes":""},"categories":[22,23,34,46],"tags":[55,15,20,60,74,53],"class_list":["post-433","post","type-post","status-publish","format-standard","has-post-thumbnail","hentry","category-mixte_accomp","category-choeur","category-choeur_mixte","category-vocal","tag-accompagne","tag-choeur","tag-mixte","tag-piano","tag-satb","tag-vocal"],"_links":{"self":[{"href":"https:\/\/www.pierrecaner.com\/index.php\/wp-json\/wp\/v2\/posts\/433","targetHints":{"allow":["GET"]}}],"collection":[{"href":"https:\/\/www.pierrecaner.com\/index.php\/wp-json\/wp\/v2\/posts"}],"about":[{"href":"https:\/\/www.pierrecaner.com\/index.php\/wp-json\/wp\/v2\/types\/post"}],"author":[{"embeddable":true,"href":"https:\/\/www.pierrecaner.com\/index.php\/wp-json\/wp\/v2\/users\/1"}],"replies":[{"embeddable":true,"href":"https:\/\/www.pierrecaner.com\/index.php\/wp-json\/wp\/v2\/comments?post=433"}],"version-history":[{"count":6,"href":"https:\/\/www.pierrecaner.com\/index.php\/wp-json\/wp\/v2\/posts\/433\/revisions"}],"predecessor-version":[{"id":1374,"href":"https:\/\/www.pierrecaner.com\/index.php\/wp-json\/wp\/v2\/posts\/433\/revisions\/1374"}],"wp:featuredmedia":[{"embeddable":true,"href":"https:\/\/www.pierrecaner.com\/index.php\/wp-json\/wp\/v2\/media\/599"}],"wp:attachment":[{"href":"https:\/\/www.pierrecaner.com\/index.php\/wp-json\/wp\/v2\/media?parent=433"}],"wp:term":[{"taxonomy":"category","embeddable":true,"href":"https:\/\/www.pierrecaner.com\/index.php\/wp-json\/wp\/v2\/categories?post=433"},{"taxonomy":"post_tag","embeddable":true,"href":"https:\/\/www.pierrecaner.com\/index.php\/wp-json\/wp\/v2\/tags?post=433"}],"curies":[{"name":"wp","href":"https:\/\/api.w.org\/{rel}","templated":true}]}}