{"id":425,"date":"1987-06-30T16:28:00","date_gmt":"1987-06-30T14:28:00","guid":{"rendered":"https:\/\/www.pierrecaner.com\/?p=425"},"modified":"2025-10-20T18:16:04","modified_gmt":"2025-10-20T16:16:04","slug":"le-jardin-sous-la-pluie","status":"publish","type":"post","link":"https:\/\/www.pierrecaner.com\/index.php\/1987\/le-jardin-sous-la-pluie\/","title":{"rendered":"Le Jardin sous la pluie"},"content":{"rendered":"\n<h3 class=\"wp-block-heading\">pi\u00e8ce pour choeur mixte \u00e0 4 voix a cappella<\/h3>\n\n\n\n<p>sur un texte de Marie-Jos\u00e9 Caner<\/p>\n\n\n\n<p class=\"has-ti-accent-secondary-color has-text-color has-link-color has-fraunces-font-family wp-elements-61aa6c597bf26acc65b4aeae1a2e6912\"><em>Cette pi\u00e8ce a re\u00e7u le 2 <sup>\u00e8me<\/sup> prix au <strong>Concours International de Composition de Chant Choral <\/strong>de la Ville de Tours (France) en 1989.<\/em><\/p>\n\n\n\n<hr class=\"wp-block-separator has-alpha-channel-opacity\"\/>\n\n\n\n<div class=\"wp-block-columns is-layout-flex wp-container-core-columns-is-layout-28f84493 wp-block-columns-is-layout-flex\">\n<div class=\"wp-block-column is-layout-flow wp-block-column-is-layout-flow\">\n<figure class=\"wp-block-image size-full\"><a href=\"https:\/\/www.pierrecaner.com\/wp-content\/uploads\/2025\/09\/le_jardin_sous_la_pluie_1.jpg\"><img loading=\"lazy\" decoding=\"async\" width=\"500\" height=\"708\" src=\"https:\/\/www.pierrecaner.com\/wp-content\/uploads\/2025\/09\/le_jardin_sous_la_pluie_1.jpg\" alt=\"\" class=\"wp-image-889\" srcset=\"https:\/\/www.pierrecaner.com\/wp-content\/uploads\/2025\/09\/le_jardin_sous_la_pluie_1.jpg 500w, https:\/\/www.pierrecaner.com\/wp-content\/uploads\/2025\/09\/le_jardin_sous_la_pluie_1-212x300.jpg 212w\" sizes=\"auto, (max-width: 500px) 100vw, 500px\" \/><\/a><\/figure>\n<\/div>\n\n\n\n<div class=\"wp-block-column is-layout-flow wp-block-column-is-layout-flow\"><\/div>\n\n\n\n<div class=\"wp-block-column is-layout-flow wp-block-column-is-layout-flow\"><\/div>\n<\/div>\n\n\n\n<p class=\"has-text-align-right has-small-font-size\" style=\"margin-top:0;margin-bottom:0\"><em>\u00a9 photo by <a href=\"https:\/\/www.instagram.com\/by_ccil?utm_source=qr&amp;igsh=ZDcxZmZ4d2Vydmhv\" data-type=\"link\" data-id=\"https:\/\/www.instagram.com\/by_ccil?utm_source=qr&amp;igsh=ZDcxZmZ4d2Vydmhv\" target=\"_blank\" rel=\"noreferrer noopener\">Ccil<\/a><\/em><\/p>\n\n\n\n<p class=\"has-text-align-right has-ti-bg-color has-ti-accent-secondary-background-color has-text-color has-background has-link-color wp-elements-61f533836c012c8fa0e2409b337e9a42\"><strong>Ann\u00e9e de composition <\/strong>: 1987<br><strong>Dur\u00e9e<\/strong> : xxxx<br><strong>Cr\u00e9ation<\/strong> : juin 1987, F\u00eate de la Musique (Toulouse, France)<br><strong>Instrumentation<\/strong> :<br>choeur mixte \u00e0 4 voix (SATB)<\/p>\n\n\n\n<p class=\"has-text-align-right has-small-font-size\"><em>* il existe une version de cette pi\u00e8ce avec accompagnement pour orchestre cordes<\/em> ou piano<br><strong><a href=\"https:\/\/www.pierrecaner.com\/index.php\/2025\/07\/26\/trois-pieces\/\" data-type=\"post\" data-id=\"478\">Trois pi\u00e8ces pour ch\u0153ur et orchestre \u00e0 cordes<\/a><\/strong><\/p>\n","protected":false},"excerpt":{"rendered":"<p>pi\u00e8ce pour choeur mixte \u00e0 4 voix a cappella sur un texte de Marie-Jos\u00e9 Caner Cette pi\u00e8ce a re\u00e7u le 2 \u00e8me prix au Concours International de Composition de Chant Choral de la Ville de Tours (France) en 1989. \u00a9 photo by Ccil Ann\u00e9e de composition : 1987Dur\u00e9e : xxxxCr\u00e9ation : juin 1987, F\u00eate de [&hellip;]<\/p>\n","protected":false},"author":1,"featured_media":1657,"comment_status":"closed","ping_status":"closed","sticky":false,"template":"","format":"standard","meta":{"_themeisle_gutenberg_block_has_review":false,"footnotes":""},"categories":[32,23,34,46],"tags":[19,15,20,74,53],"class_list":["post-425","post","type-post","status-publish","format-standard","has-post-thumbnail","hentry","category-mixte_a_cappella","category-choeur","category-choeur_mixte","category-vocal","tag-acappella","tag-choeur","tag-mixte","tag-satb","tag-vocal"],"_links":{"self":[{"href":"https:\/\/www.pierrecaner.com\/index.php\/wp-json\/wp\/v2\/posts\/425","targetHints":{"allow":["GET"]}}],"collection":[{"href":"https:\/\/www.pierrecaner.com\/index.php\/wp-json\/wp\/v2\/posts"}],"about":[{"href":"https:\/\/www.pierrecaner.com\/index.php\/wp-json\/wp\/v2\/types\/post"}],"author":[{"embeddable":true,"href":"https:\/\/www.pierrecaner.com\/index.php\/wp-json\/wp\/v2\/users\/1"}],"replies":[{"embeddable":true,"href":"https:\/\/www.pierrecaner.com\/index.php\/wp-json\/wp\/v2\/comments?post=425"}],"version-history":[{"count":18,"href":"https:\/\/www.pierrecaner.com\/index.php\/wp-json\/wp\/v2\/posts\/425\/revisions"}],"predecessor-version":[{"id":1661,"href":"https:\/\/www.pierrecaner.com\/index.php\/wp-json\/wp\/v2\/posts\/425\/revisions\/1661"}],"wp:featuredmedia":[{"embeddable":true,"href":"https:\/\/www.pierrecaner.com\/index.php\/wp-json\/wp\/v2\/media\/1657"}],"wp:attachment":[{"href":"https:\/\/www.pierrecaner.com\/index.php\/wp-json\/wp\/v2\/media?parent=425"}],"wp:term":[{"taxonomy":"category","embeddable":true,"href":"https:\/\/www.pierrecaner.com\/index.php\/wp-json\/wp\/v2\/categories?post=425"},{"taxonomy":"post_tag","embeddable":true,"href":"https:\/\/www.pierrecaner.com\/index.php\/wp-json\/wp\/v2\/tags?post=425"}],"curies":[{"name":"wp","href":"https:\/\/api.w.org\/{rel}","templated":true}]}}