{"id":419,"date":"2009-06-30T14:12:00","date_gmt":"2009-06-30T12:12:00","guid":{"rendered":"https:\/\/www.pierrecaner.com\/?p=419"},"modified":"2025-10-04T22:08:08","modified_gmt":"2025-10-04T20:08:08","slug":"la-mort-du-roi","status":"publish","type":"post","link":"https:\/\/www.pierrecaner.com\/index.php\/2009\/la-mort-du-roi\/","title":{"rendered":"La Mort du Roi"},"content":{"rendered":"\n<h3 class=\"wp-block-heading\">Pi\u00e8ce pour Brass-band<\/h3>\n\n\n\n<p class=\"has-ti-accent-secondary-color has-text-color has-link-color has-fraunces-font-family wp-elements-7811f9a59e5b72f429adc491d8389fea\"><em>pi\u00e8ce command\u00e9e par le <strong>Conservatoire de Musique et de Danse de l&rsquo;Aveyron<\/strong><\/em> <em>et le <strong>Conservatoire de Musique et de Danse du Tarn<\/strong><\/em><\/p>\n\n\n\n<p>Cette pi\u00e8ce est d\u00e9di\u00e9e \u00e0 Xavier Durand, professeur et aux \u00e9l\u00e8ves du Stage de Brass-Band organis\u00e9 par les Conservatoires de Musique de l\u2019Aveyron et du Tarn en octobre 2009.<\/p>\n\n\n\n<div class=\"wp-block-columns is-layout-flex wp-container-core-columns-is-layout-28f84493 wp-block-columns-is-layout-flex\">\n<div class=\"wp-block-column is-layout-flow wp-block-column-is-layout-flow\">\n<figure data-wp-context=\"{&quot;imageId&quot;:&quot;69f2bd347f273&quot;}\" data-wp-interactive=\"core\/image\" data-wp-key=\"69f2bd347f273\" class=\"wp-block-image size-large wp-lightbox-container\"><img loading=\"lazy\" decoding=\"async\" width=\"724\" height=\"1024\" data-wp-class--hide=\"state.isContentHidden\" data-wp-class--show=\"state.isContentVisible\" data-wp-init=\"callbacks.setButtonStyles\" data-wp-on--click=\"actions.showLightbox\" data-wp-on--load=\"callbacks.setButtonStyles\" data-wp-on-window--resize=\"callbacks.setButtonStyles\" src=\"https:\/\/www.pierrecaner.com\/wp-content\/uploads\/2009\/06\/La-Mort-du-Roi-1-724x1024.jpg\" alt=\"\" class=\"wp-image-1419\" srcset=\"https:\/\/www.pierrecaner.com\/wp-content\/uploads\/2009\/06\/La-Mort-du-Roi-1-724x1024.jpg 724w, https:\/\/www.pierrecaner.com\/wp-content\/uploads\/2009\/06\/La-Mort-du-Roi-1-212x300.jpg 212w, https:\/\/www.pierrecaner.com\/wp-content\/uploads\/2009\/06\/La-Mort-du-Roi-1-768x1087.jpg 768w, https:\/\/www.pierrecaner.com\/wp-content\/uploads\/2009\/06\/La-Mort-du-Roi-1.jpg 826w\" sizes=\"auto, (max-width: 724px) 100vw, 724px\" \/><button\n\t\t\tclass=\"lightbox-trigger\"\n\t\t\ttype=\"button\"\n\t\t\taria-haspopup=\"dialog\"\n\t\t\taria-label=\"Agrandir\"\n\t\t\tdata-wp-init=\"callbacks.initTriggerButton\"\n\t\t\tdata-wp-on--click=\"actions.showLightbox\"\n\t\t\tdata-wp-style--right=\"state.imageButtonRight\"\n\t\t\tdata-wp-style--top=\"state.imageButtonTop\"\n\t\t>\n\t\t\t<svg xmlns=\"http:\/\/www.w3.org\/2000\/svg\" width=\"12\" height=\"12\" fill=\"none\" viewBox=\"0 0 12 12\">\n\t\t\t\t<path fill=\"#fff\" d=\"M2 0a2 2 0 0 0-2 2v2h1.5V2a.5.5 0 0 1 .5-.5h2V0H2Zm2 10.5H2a.5.5 0 0 1-.5-.5V8H0v2a2 2 0 0 0 2 2h2v-1.5ZM8 12v-1.5h2a.5.5 0 0 0 .5-.5V8H12v2a2 2 0 0 1-2 2H8Zm2-12a2 2 0 0 1 2 2v2h-1.5V2a.5.5 0 0 0-.5-.5H8V0h2Z\" \/>\n\t\t\t<\/svg>\n\t\t<\/button><\/figure>\n<\/div>\n\n\n\n<div class=\"wp-block-column is-layout-flow wp-block-column-is-layout-flow\">\n<figure data-wp-context=\"{&quot;imageId&quot;:&quot;69f2bd3480092&quot;}\" data-wp-interactive=\"core\/image\" data-wp-key=\"69f2bd3480092\" class=\"wp-block-image size-large wp-lightbox-container\"><img loading=\"lazy\" decoding=\"async\" width=\"724\" height=\"1024\" data-wp-class--hide=\"state.isContentHidden\" data-wp-class--show=\"state.isContentVisible\" data-wp-init=\"callbacks.setButtonStyles\" data-wp-on--click=\"actions.showLightbox\" data-wp-on--load=\"callbacks.setButtonStyles\" data-wp-on-window--resize=\"callbacks.setButtonStyles\" src=\"https:\/\/www.pierrecaner.com\/wp-content\/uploads\/2009\/06\/La-Mort-du-Roi-2-724x1024.jpg\" alt=\"\" class=\"wp-image-1420\" srcset=\"https:\/\/www.pierrecaner.com\/wp-content\/uploads\/2009\/06\/La-Mort-du-Roi-2-724x1024.jpg 724w, https:\/\/www.pierrecaner.com\/wp-content\/uploads\/2009\/06\/La-Mort-du-Roi-2-212x300.jpg 212w, https:\/\/www.pierrecaner.com\/wp-content\/uploads\/2009\/06\/La-Mort-du-Roi-2-768x1087.jpg 768w, https:\/\/www.pierrecaner.com\/wp-content\/uploads\/2009\/06\/La-Mort-du-Roi-2.jpg 826w\" sizes=\"auto, (max-width: 724px) 100vw, 724px\" \/><button\n\t\t\tclass=\"lightbox-trigger\"\n\t\t\ttype=\"button\"\n\t\t\taria-haspopup=\"dialog\"\n\t\t\taria-label=\"Agrandir\"\n\t\t\tdata-wp-init=\"callbacks.initTriggerButton\"\n\t\t\tdata-wp-on--click=\"actions.showLightbox\"\n\t\t\tdata-wp-style--right=\"state.imageButtonRight\"\n\t\t\tdata-wp-style--top=\"state.imageButtonTop\"\n\t\t>\n\t\t\t<svg xmlns=\"http:\/\/www.w3.org\/2000\/svg\" width=\"12\" height=\"12\" fill=\"none\" viewBox=\"0 0 12 12\">\n\t\t\t\t<path fill=\"#fff\" d=\"M2 0a2 2 0 0 0-2 2v2h1.5V2a.5.5 0 0 1 .5-.5h2V0H2Zm2 10.5H2a.5.5 0 0 1-.5-.5V8H0v2a2 2 0 0 0 2 2h2v-1.5ZM8 12v-1.5h2a.5.5 0 0 0 .5-.5V8H12v2a2 2 0 0 1-2 2H8Zm2-12a2 2 0 0 1 2 2v2h-1.5V2a.5.5 0 0 0-.5-.5H8V0h2Z\" \/>\n\t\t\t<\/svg>\n\t\t<\/button><\/figure>\n<\/div>\n\n\n\n<div class=\"wp-block-column is-layout-flow wp-block-column-is-layout-flow\"><\/div>\n<\/div>\n\n\n\n<hr class=\"wp-block-separator has-alpha-channel-opacity\"\/>\n\n\n\n<p class=\"has-text-align-right has-ti-bg-color has-ti-accent-secondary-background-color has-text-color has-background has-link-color wp-elements-ced3566961add8ceb78576ae5a3c59d2\"><strong>Ann\u00e9e de composition <\/strong>: 2009<br><strong>Dur\u00e9e<\/strong> : 6&rsquo;00<br><strong>Cr\u00e9ation<\/strong> : 2009<br><strong>Instrumentation<\/strong> :<br>Brass-band, 4 Timbales, Glockenspiel, Grosse Caisse, Caisse Claire,<br>Triangle, Tam-Tam, Cymbale suspendue et Cymbales frapp\u00e9es<\/p>\n","protected":false},"excerpt":{"rendered":"<p>Pi\u00e8ce pour Brass-band pi\u00e8ce command\u00e9e par le Conservatoire de Musique et de Danse de l&rsquo;Aveyron et le Conservatoire de Musique et de Danse du Tarn Cette pi\u00e8ce est d\u00e9di\u00e9e \u00e0 Xavier Durand, professeur et aux \u00e9l\u00e8ves du Stage de Brass-Band organis\u00e9 par les Conservatoires de Musique de l\u2019Aveyron et du Tarn en octobre 2009. Ann\u00e9e [&hellip;]<\/p>\n","protected":false},"author":1,"featured_media":0,"comment_status":"closed","ping_status":"closed","sticky":false,"template":"","format":"standard","meta":{"_themeisle_gutenberg_block_has_review":false,"footnotes":""},"categories":[38,35],"tags":[67,71,17],"class_list":["post-419","post","type-post","status-publish","format-standard","hentry","category-brass_band","category-orchestre","tag-brass_band","tag-cuivres","tag-orchestre"],"_links":{"self":[{"href":"https:\/\/www.pierrecaner.com\/index.php\/wp-json\/wp\/v2\/posts\/419","targetHints":{"allow":["GET"]}}],"collection":[{"href":"https:\/\/www.pierrecaner.com\/index.php\/wp-json\/wp\/v2\/posts"}],"about":[{"href":"https:\/\/www.pierrecaner.com\/index.php\/wp-json\/wp\/v2\/types\/post"}],"author":[{"embeddable":true,"href":"https:\/\/www.pierrecaner.com\/index.php\/wp-json\/wp\/v2\/users\/1"}],"replies":[{"embeddable":true,"href":"https:\/\/www.pierrecaner.com\/index.php\/wp-json\/wp\/v2\/comments?post=419"}],"version-history":[{"count":6,"href":"https:\/\/www.pierrecaner.com\/index.php\/wp-json\/wp\/v2\/posts\/419\/revisions"}],"predecessor-version":[{"id":1421,"href":"https:\/\/www.pierrecaner.com\/index.php\/wp-json\/wp\/v2\/posts\/419\/revisions\/1421"}],"wp:attachment":[{"href":"https:\/\/www.pierrecaner.com\/index.php\/wp-json\/wp\/v2\/media?parent=419"}],"wp:term":[{"taxonomy":"category","embeddable":true,"href":"https:\/\/www.pierrecaner.com\/index.php\/wp-json\/wp\/v2\/categories?post=419"},{"taxonomy":"post_tag","embeddable":true,"href":"https:\/\/www.pierrecaner.com\/index.php\/wp-json\/wp\/v2\/tags?post=419"}],"curies":[{"name":"wp","href":"https:\/\/api.w.org\/{rel}","templated":true}]}}