{"id":289,"date":"2017-06-23T18:44:00","date_gmt":"2017-06-23T16:44:00","guid":{"rendered":"https:\/\/www.pierrecaner.com\/?p=289"},"modified":"2025-10-07T10:02:36","modified_gmt":"2025-10-07T08:02:36","slug":"chemins-de-cocagne","status":"publish","type":"post","link":"https:\/\/www.pierrecaner.com\/index.php\/2017\/chemins-de-cocagne\/","title":{"rendered":"Chemins de Cocagne"},"content":{"rendered":"\n<h3 class=\"wp-block-heading\" style=\"font-size:clamp(16.834px, 1.052rem + ((1vw - 3.2px) * 1.118), 26px);\">Promenade tarnaise pour r\u00e9citant, <br>solistes et choeur d\u2019enfants, piano et orchestre \u00e0 cordes<\/h3>\n\n\n\n<p>Pi\u00e8ces compos\u00e9es sur des textes de Marie-Jo Escriva.<\/p>\n\n\n\n<p class=\"has-ti-accent-secondary-color has-text-color has-link-color has-fraunces-font-family has-normal-font-size wp-elements-fe8ad389e1a4e720a659311b7ddb6545\" style=\"font-style:normal;font-weight:300\">Promenade en neuf chemins, chacun conduisant \u00e0 neuf lieux, personnages embl\u00e9matiques ou p\u00e9riodes de l&rsquo;histoire du Tarn. <em>Pi\u00e8ce nomm\u00e9e pour <strong>Le Prix de l&rsquo;Enseignement Musical 2017<\/strong> organis\u00e9 par la Chambre syndicale des Editeurs de Musique de France, cat\u00e9gorie <strong>Cr\u00e9ation musicale pour de jeunes interpr\u00e8tes<\/strong>. <\/em><\/p>\n\n\n\n<div class=\"wp-block-columns is-layout-flex wp-container-core-columns-is-layout-28f84493 wp-block-columns-is-layout-flex\">\n<div class=\"wp-block-column is-layout-flow wp-block-column-is-layout-flow\" style=\"flex-basis:33.33%\">\n<div id=\"wp-block-themeisle-blocks-font-awesome-icons-5bb6b43a\" class=\"wp-block-themeisle-blocks-font-awesome-icons\"><span class=\"wp-block-themeisle-blocks-font-awesome-icons-container\"><a href=\"https:\/\/www.cemf.fr\/lpem\/les-editions-precedentes\/edition-2017\/les-nommes-edition-2017\/\" target=\"_blank\" rel=\"noopener noreferrer\"><i class=\"fas fa-music\"><\/i><\/a><\/span><\/div>\n<\/div>\n\n\n\n<div class=\"wp-block-column is-layout-flow wp-block-column-is-layout-flow\" style=\"flex-basis:66.66%\">\n<p class=\"has-small-font-size\" style=\"line-height:2.6\"><em>cliquez sur l&rsquo;ic\u00f4ne pour d\u00e9couvrir les nomm\u00e9s du LPEM 2017<\/em><\/p>\n<\/div>\n<\/div>\n\n\n\n<h5 class=\"wp-block-heading\"><em>\u00ab Un voyage de mille lieues commence toujours par le premier pas \u00bb<\/em><\/h5>\n\n\n\n<hr class=\"wp-block-separator has-alpha-channel-opacity\"\/>\n\n\n\n<p class=\"has-text-align-right has-ti-bg-color has-ti-accent-secondary-background-color has-text-color has-background has-link-color wp-elements-6420379af2d9bece3e92b38be3679b65\"><strong>Ann\u00e9e de composition<\/strong> : 2013 &#8211; 2017<br><strong>Dur\u00e9e<\/strong> : 1h env.<br><strong>Cr\u00e9ation<\/strong> : avril 2016 (Castres, France)<br>Conservatoire de Musique et de Danse du Tarn<br><strong>Instrumentation<\/strong> : choeur d&rsquo;enfants, orchestre \u00e0 cordes, piano<\/p>\n\n\n\n<hr class=\"wp-block-separator has-alpha-channel-opacity\"\/>\n\n\n\n<div class=\"wp-block-columns is-layout-flex wp-container-core-columns-is-layout-28f84493 wp-block-columns-is-layout-flex\">\n<div class=\"wp-block-column is-layout-flow wp-block-column-is-layout-flow\" style=\"flex-basis:50%\">\n<p><\/p>\n\n\n\n<p>1. Noire Montagne * (2&rsquo;45)<br>2. Jardins de Cocagne * (4&rsquo;45)<br>3. Le Songe et l&rsquo;Hermine * (3&rsquo;55)<br>4. Fric-Frac \u00e0 Gaillac * (1&rsquo;48)<br>5. Louisa La Charmante *\/** (6&rsquo;06)<br>6. Au Chat Qui Fouette (4&rsquo;05)<br>7. Henri de T.L. * (4&rsquo;05)<br>8. De Cendre et de Pierre *\/** (6&rsquo;55)<br>9. Le Blues de Lap\u00e9rouse * (4&rsquo;15)<\/p>\n<\/div>\n\n\n\n<div class=\"wp-block-column is-layout-flow wp-block-column-is-layout-flow\" style=\"flex-basis:50%\">\n<figure data-wp-context=\"{&quot;imageId&quot;:&quot;69f312f48ffc6&quot;}\" data-wp-interactive=\"core\/image\" data-wp-key=\"69f312f48ffc6\" class=\"wp-block-image alignright size-full is-resized wp-lightbox-container\"><img loading=\"lazy\" decoding=\"async\" width=\"509\" height=\"720\" data-wp-class--hide=\"state.isContentHidden\" data-wp-class--show=\"state.isContentVisible\" data-wp-init=\"callbacks.setButtonStyles\" data-wp-on--click=\"actions.showLightbox\" data-wp-on--load=\"callbacks.setButtonStyles\" data-wp-on-window--resize=\"callbacks.setButtonStyles\" src=\"https:\/\/www.pierrecaner.com\/wp-content\/uploads\/2025\/10\/2017-01-28-Chemins-de-Cocagne.jpg\" alt=\"\" class=\"wp-image-1488\" style=\"width:229px;height:auto\" srcset=\"https:\/\/www.pierrecaner.com\/wp-content\/uploads\/2025\/10\/2017-01-28-Chemins-de-Cocagne.jpg 509w, https:\/\/www.pierrecaner.com\/wp-content\/uploads\/2025\/10\/2017-01-28-Chemins-de-Cocagne-212x300.jpg 212w\" sizes=\"auto, (max-width: 509px) 100vw, 509px\" \/><button\n\t\t\tclass=\"lightbox-trigger\"\n\t\t\ttype=\"button\"\n\t\t\taria-haspopup=\"dialog\"\n\t\t\taria-label=\"Agrandir\"\n\t\t\tdata-wp-init=\"callbacks.initTriggerButton\"\n\t\t\tdata-wp-on--click=\"actions.showLightbox\"\n\t\t\tdata-wp-style--right=\"state.imageButtonRight\"\n\t\t\tdata-wp-style--top=\"state.imageButtonTop\"\n\t\t>\n\t\t\t<svg xmlns=\"http:\/\/www.w3.org\/2000\/svg\" width=\"12\" height=\"12\" fill=\"none\" viewBox=\"0 0 12 12\">\n\t\t\t\t<path fill=\"#fff\" d=\"M2 0a2 2 0 0 0-2 2v2h1.5V2a.5.5 0 0 1 .5-.5h2V0H2Zm2 10.5H2a.5.5 0 0 1-.5-.5V8H0v2a2 2 0 0 0 2 2h2v-1.5ZM8 12v-1.5h2a.5.5 0 0 0 .5-.5V8H12v2a2 2 0 0 1-2 2H8Zm2-12a2 2 0 0 1 2 2v2h-1.5V2a.5.5 0 0 0-.5-.5H8V0h2Z\" \/>\n\t\t\t<\/svg>\n\t\t<\/button><\/figure>\n<\/div>\n<\/div>\n\n\n\n<p class=\"has-text-align-right has-small-font-size\"><em>* existe \u00e9galement en version piano voix<br>** existe en version symphonique pour&nbsp;<strong>Louisa la Charmante&nbsp;<\/strong>et&nbsp;<strong>De Cendre et de Pierre<\/strong><\/em><\/p>\n\n\n\n<figure class=\"wp-block-gallery has-nested-images columns-default is-cropped wp-block-gallery-2 is-layout-flex wp-block-gallery-is-layout-flex\">\n<figure data-wp-context=\"{&quot;imageId&quot;:&quot;69f312f490766&quot;}\" data-wp-interactive=\"core\/image\" data-wp-key=\"69f312f490766\" class=\"wp-block-image size-large is-style-rounded wp-lightbox-container\"><img loading=\"lazy\" decoding=\"async\" width=\"1015\" height=\"881\" data-wp-class--hide=\"state.isContentHidden\" data-wp-class--show=\"state.isContentVisible\" data-wp-init=\"callbacks.setButtonStyles\" data-wp-on--click=\"actions.showLightbox\" data-wp-on--load=\"callbacks.setButtonStyles\" data-wp-on-window--resize=\"callbacks.setButtonStyles\" data-id=\"545\" src=\"https:\/\/www.pierrecaner.com\/wp-content\/uploads\/2017\/06\/HENRI.jpg\" alt=\"Henri de T.-L.\" class=\"wp-image-545\" srcset=\"https:\/\/www.pierrecaner.com\/wp-content\/uploads\/2017\/06\/HENRI.jpg 1015w, https:\/\/www.pierrecaner.com\/wp-content\/uploads\/2017\/06\/HENRI-300x260.jpg 300w, https:\/\/www.pierrecaner.com\/wp-content\/uploads\/2017\/06\/HENRI-768x667.jpg 768w\" sizes=\"auto, (max-width: 1015px) 100vw, 1015px\" \/><button\n\t\t\tclass=\"lightbox-trigger\"\n\t\t\ttype=\"button\"\n\t\t\taria-haspopup=\"dialog\"\n\t\t\taria-label=\"Agrandir\"\n\t\t\tdata-wp-init=\"callbacks.initTriggerButton\"\n\t\t\tdata-wp-on--click=\"actions.showLightbox\"\n\t\t\tdata-wp-style--right=\"state.imageButtonRight\"\n\t\t\tdata-wp-style--top=\"state.imageButtonTop\"\n\t\t>\n\t\t\t<svg xmlns=\"http:\/\/www.w3.org\/2000\/svg\" width=\"12\" height=\"12\" fill=\"none\" viewBox=\"0 0 12 12\">\n\t\t\t\t<path fill=\"#fff\" d=\"M2 0a2 2 0 0 0-2 2v2h1.5V2a.5.5 0 0 1 .5-.5h2V0H2Zm2 10.5H2a.5.5 0 0 1-.5-.5V8H0v2a2 2 0 0 0 2 2h2v-1.5ZM8 12v-1.5h2a.5.5 0 0 0 .5-.5V8H12v2a2 2 0 0 1-2 2H8Zm2-12a2 2 0 0 1 2 2v2h-1.5V2a.5.5 0 0 0-.5-.5H8V0h2Z\" \/>\n\t\t\t<\/svg>\n\t\t<\/button><\/figure>\n\n\n\n<figure data-wp-context=\"{&quot;imageId&quot;:&quot;69f312f490cfb&quot;}\" data-wp-interactive=\"core\/image\" data-wp-key=\"69f312f490cfb\" class=\"wp-block-image size-large is-style-rounded wp-duotone-unset-1 wp-lightbox-container\"><img loading=\"lazy\" decoding=\"async\" width=\"1024\" height=\"576\" data-wp-class--hide=\"state.isContentHidden\" data-wp-class--show=\"state.isContentVisible\" data-wp-init=\"callbacks.setButtonStyles\" data-wp-on--click=\"actions.showLightbox\" data-wp-on--load=\"callbacks.setButtonStyles\" data-wp-on-window--resize=\"callbacks.setButtonStyles\" data-id=\"547\" src=\"https:\/\/www.pierrecaner.com\/wp-content\/uploads\/2017\/06\/Le-Blues-de-Laperouse-1024x576.png\" alt=\"Le Blues de Lap\u00e9rouse\" class=\"wp-image-547\" srcset=\"https:\/\/www.pierrecaner.com\/wp-content\/uploads\/2017\/06\/Le-Blues-de-Laperouse-1024x576.png 1024w, https:\/\/www.pierrecaner.com\/wp-content\/uploads\/2017\/06\/Le-Blues-de-Laperouse-300x169.png 300w, https:\/\/www.pierrecaner.com\/wp-content\/uploads\/2017\/06\/Le-Blues-de-Laperouse-768x432.png 768w, https:\/\/www.pierrecaner.com\/wp-content\/uploads\/2017\/06\/Le-Blues-de-Laperouse-1536x864.png 1536w, https:\/\/www.pierrecaner.com\/wp-content\/uploads\/2017\/06\/Le-Blues-de-Laperouse-2048x1152.png 2048w\" sizes=\"auto, (max-width: 1024px) 100vw, 1024px\" \/><button\n\t\t\tclass=\"lightbox-trigger\"\n\t\t\ttype=\"button\"\n\t\t\taria-haspopup=\"dialog\"\n\t\t\taria-label=\"Agrandir\"\n\t\t\tdata-wp-init=\"callbacks.initTriggerButton\"\n\t\t\tdata-wp-on--click=\"actions.showLightbox\"\n\t\t\tdata-wp-style--right=\"state.imageButtonRight\"\n\t\t\tdata-wp-style--top=\"state.imageButtonTop\"\n\t\t>\n\t\t\t<svg xmlns=\"http:\/\/www.w3.org\/2000\/svg\" width=\"12\" height=\"12\" fill=\"none\" viewBox=\"0 0 12 12\">\n\t\t\t\t<path fill=\"#fff\" d=\"M2 0a2 2 0 0 0-2 2v2h1.5V2a.5.5 0 0 1 .5-.5h2V0H2Zm2 10.5H2a.5.5 0 0 1-.5-.5V8H0v2a2 2 0 0 0 2 2h2v-1.5ZM8 12v-1.5h2a.5.5 0 0 0 .5-.5V8H12v2a2 2 0 0 1-2 2H8Zm2-12a2 2 0 0 1 2 2v2h-1.5V2a.5.5 0 0 0-.5-.5H8V0h2Z\" \/>\n\t\t\t<\/svg>\n\t\t<\/button><\/figure>\n\n\n\n<figure data-wp-context=\"{&quot;imageId&quot;:&quot;69f312f49120b&quot;}\" data-wp-interactive=\"core\/image\" data-wp-key=\"69f312f49120b\" class=\"wp-block-image size-full is-style-rounded wp-lightbox-container\"><img loading=\"lazy\" decoding=\"async\" width=\"847\" height=\"849\" data-wp-class--hide=\"state.isContentHidden\" data-wp-class--show=\"state.isContentVisible\" data-wp-init=\"callbacks.setButtonStyles\" data-wp-on--click=\"actions.showLightbox\" data-wp-on--load=\"callbacks.setButtonStyles\" data-wp-on-window--resize=\"callbacks.setButtonStyles\" data-id=\"546\" src=\"https:\/\/www.pierrecaner.com\/wp-content\/uploads\/2017\/06\/narratrice.jpg\" alt=\"Marie-Jo Escriva, auteur et r\u00e9citante\" class=\"wp-image-546\" srcset=\"https:\/\/www.pierrecaner.com\/wp-content\/uploads\/2017\/06\/narratrice.jpg 847w, https:\/\/www.pierrecaner.com\/wp-content\/uploads\/2017\/06\/narratrice-300x300.jpg 300w, https:\/\/www.pierrecaner.com\/wp-content\/uploads\/2017\/06\/narratrice-150x150.jpg 150w, https:\/\/www.pierrecaner.com\/wp-content\/uploads\/2017\/06\/narratrice-768x770.jpg 768w\" sizes=\"auto, (max-width: 847px) 100vw, 847px\" \/><button\n\t\t\tclass=\"lightbox-trigger\"\n\t\t\ttype=\"button\"\n\t\t\taria-haspopup=\"dialog\"\n\t\t\taria-label=\"Agrandir\"\n\t\t\tdata-wp-init=\"callbacks.initTriggerButton\"\n\t\t\tdata-wp-on--click=\"actions.showLightbox\"\n\t\t\tdata-wp-style--right=\"state.imageButtonRight\"\n\t\t\tdata-wp-style--top=\"state.imageButtonTop\"\n\t\t>\n\t\t\t<svg xmlns=\"http:\/\/www.w3.org\/2000\/svg\" width=\"12\" height=\"12\" fill=\"none\" viewBox=\"0 0 12 12\">\n\t\t\t\t<path fill=\"#fff\" d=\"M2 0a2 2 0 0 0-2 2v2h1.5V2a.5.5 0 0 1 .5-.5h2V0H2Zm2 10.5H2a.5.5 0 0 1-.5-.5V8H0v2a2 2 0 0 0 2 2h2v-1.5ZM8 12v-1.5h2a.5.5 0 0 0 .5-.5V8H12v2a2 2 0 0 1-2 2H8Zm2-12a2 2 0 0 1 2 2v2h-1.5V2a.5.5 0 0 0-.5-.5H8V0h2Z\" \/>\n\t\t\t<\/svg>\n\t\t<\/button><\/figure>\n<\/figure>\n\n\n\n<div class=\"wp-block-columns is-layout-flex wp-container-core-columns-is-layout-28f84493 wp-block-columns-is-layout-flex\">\n<div class=\"wp-block-column is-layout-flow wp-block-column-is-layout-flow\">\n<p class=\"has-text-align-center has-small-font-size\" style=\"margin-top:0;margin-right:0;margin-bottom:0;margin-left:0;font-style:normal;font-weight:100\">Henri de T.-L.<br>\u00a9 photo CMDT<\/p>\n<\/div>\n\n\n\n<div class=\"wp-block-column is-layout-flow wp-block-column-is-layout-flow\">\n<p class=\"has-text-align-center has-small-font-size\" style=\"font-style:normal;font-weight:100\">Le Blues de Lap\u00e9rouse<br>\u00a9 photo CMDT<\/p>\n<\/div>\n\n\n\n<div class=\"wp-block-column is-layout-flow wp-block-column-is-layout-flow\">\n<p class=\"has-text-align-center has-small-font-size\" style=\"font-style:normal;font-weight:100\">Marie-Jo Escriva,<br>auteure et r\u00e9citante<br>\u00a9 photo CMDT<\/p>\n<\/div>\n<\/div>\n","protected":false},"excerpt":{"rendered":"<p>Promenade tarnaise pour r\u00e9citant, solistes et choeur d\u2019enfants, piano et orchestre \u00e0 cordes Pi\u00e8ces compos\u00e9es sur des textes de Marie-Jo Escriva. Promenade en neuf chemins, chacun conduisant \u00e0 neuf lieux, personnages embl\u00e9matiques ou p\u00e9riodes de l&rsquo;histoire du Tarn. Pi\u00e8ce nomm\u00e9e pour Le Prix de l&rsquo;Enseignement Musical 2017 organis\u00e9 par la Chambre syndicale des Editeurs de [&hellip;]<\/p>\n","protected":false},"author":1,"featured_media":539,"comment_status":"closed","ping_status":"closed","sticky":false,"template":"","format":"standard","meta":{"_themeisle_gutenberg_block_has_review":false,"footnotes":""},"categories":[83,82,89,23,29,31,35,44,25,46],"tags":[55,15,63,21,17,60,69,18,53],"class_list":["post-289","post","type-post","status-publish","format-standard","has-post-thumbnail","hentry","category-enfants_avec_orch","category-enfants_avec_piano","category-avec_soliste","category-choeur","category-enfant","category-choeur_enfants","category-orchestre","category-orch_cordes","category-soliste","category-vocal","tag-accompagne","tag-choeur","tag-cordes","tag-enfants","tag-orchestre","tag-piano","tag-recitant","tag-soliste","tag-vocal"],"_links":{"self":[{"href":"https:\/\/www.pierrecaner.com\/index.php\/wp-json\/wp\/v2\/posts\/289","targetHints":{"allow":["GET"]}}],"collection":[{"href":"https:\/\/www.pierrecaner.com\/index.php\/wp-json\/wp\/v2\/posts"}],"about":[{"href":"https:\/\/www.pierrecaner.com\/index.php\/wp-json\/wp\/v2\/types\/post"}],"author":[{"embeddable":true,"href":"https:\/\/www.pierrecaner.com\/index.php\/wp-json\/wp\/v2\/users\/1"}],"replies":[{"embeddable":true,"href":"https:\/\/www.pierrecaner.com\/index.php\/wp-json\/wp\/v2\/comments?post=289"}],"version-history":[{"count":27,"href":"https:\/\/www.pierrecaner.com\/index.php\/wp-json\/wp\/v2\/posts\/289\/revisions"}],"predecessor-version":[{"id":1511,"href":"https:\/\/www.pierrecaner.com\/index.php\/wp-json\/wp\/v2\/posts\/289\/revisions\/1511"}],"wp:featuredmedia":[{"embeddable":true,"href":"https:\/\/www.pierrecaner.com\/index.php\/wp-json\/wp\/v2\/media\/539"}],"wp:attachment":[{"href":"https:\/\/www.pierrecaner.com\/index.php\/wp-json\/wp\/v2\/media?parent=289"}],"wp:term":[{"taxonomy":"category","embeddable":true,"href":"https:\/\/www.pierrecaner.com\/index.php\/wp-json\/wp\/v2\/categories?post=289"},{"taxonomy":"post_tag","embeddable":true,"href":"https:\/\/www.pierrecaner.com\/index.php\/wp-json\/wp\/v2\/tags?post=289"}],"curies":[{"name":"wp","href":"https:\/\/api.w.org\/{rel}","templated":true}]}}