{"id":244,"date":"2024-07-25T20:20:00","date_gmt":"2024-07-25T18:20:00","guid":{"rendered":"https:\/\/www.pierrecaner.com\/?p=244"},"modified":"2025-10-21T18:13:15","modified_gmt":"2025-10-21T16:13:15","slug":"__trashed","status":"publish","type":"post","link":"https:\/\/www.pierrecaner.com\/index.php\/2024\/__trashed\/","title":{"rendered":"E.I.K."},"content":{"rendered":"\n<h3 class=\"wp-block-heading\">Pi\u00e8ce pour violoncelle solo, piano et orchestre <\/h3>\n\n\n\n<hr class=\"wp-block-separator has-alpha-channel-opacity\"\/>\n\n\n\n<p class=\"has-text-align-right has-ti-bg-color has-ti-accent-secondary-background-color has-text-color has-background has-link-color wp-elements-51a0cc7644da940296615c93e1428ed3\"><strong>Ann\u00e9e de composition <\/strong>: 2024<br> <strong>Dur\u00e9e<\/strong> : 4&rsquo;20<br> <strong>Cr\u00e9ation<\/strong> : Concert \u00ab\u00a0Pr\u00e9lude au R\u00e9veillon\u00a0\u00bb<br>31 d\u00e9cembre 2024 (Castres, France)<br><strong>Instrumentation<\/strong> :<br>violoncelle solo, piano solo<br>2 fl\u00fbtes, hautbois, cor anglais, 2 clarinettes, 2 bassons,<br>3 cors, 3 trompettes, 3 trombones, tuba,<br>orchestre \u00e0 cordes, harpe et percussions<\/p>\n\n\n\n<p class=\"has-text-align-right has-small-font-size\">* il existe une version sans partie de piano<\/p>\n","protected":false},"excerpt":{"rendered":"<p>Pi\u00e8ce pour violoncelle solo, piano et orchestre Ann\u00e9e de composition : 2024 Dur\u00e9e : 4&rsquo;20 Cr\u00e9ation : Concert \u00ab\u00a0Pr\u00e9lude au R\u00e9veillon\u00a0\u00bb31 d\u00e9cembre 2024 (Castres, France)Instrumentation :violoncelle solo, piano solo2 fl\u00fbtes, hautbois, cor anglais, 2 clarinettes, 2 bassons,3 cors, 3 trompettes, 3 trombones, tuba,orchestre \u00e0 cordes, harpe et percussions * il existe une version sans partie [&hellip;]<\/p>\n","protected":false},"author":1,"featured_media":0,"comment_status":"closed","ping_status":"closed","sticky":false,"template":"","format":"standard","meta":{"_themeisle_gutenberg_block_has_review":false,"footnotes":""},"categories":[35,45,79],"tags":[62,17,60,78,51,68],"class_list":["post-244","post","type-post","status-publish","format-standard","hentry","category-orchestre","category-orch_symph","category-solo","tag-harpe","tag-orchestre","tag-piano","tag-solo_instru","tag-symphonique","tag-cello"],"_links":{"self":[{"href":"https:\/\/www.pierrecaner.com\/index.php\/wp-json\/wp\/v2\/posts\/244","targetHints":{"allow":["GET"]}}],"collection":[{"href":"https:\/\/www.pierrecaner.com\/index.php\/wp-json\/wp\/v2\/posts"}],"about":[{"href":"https:\/\/www.pierrecaner.com\/index.php\/wp-json\/wp\/v2\/types\/post"}],"author":[{"embeddable":true,"href":"https:\/\/www.pierrecaner.com\/index.php\/wp-json\/wp\/v2\/users\/1"}],"replies":[{"embeddable":true,"href":"https:\/\/www.pierrecaner.com\/index.php\/wp-json\/wp\/v2\/comments?post=244"}],"version-history":[{"count":10,"href":"https:\/\/www.pierrecaner.com\/index.php\/wp-json\/wp\/v2\/posts\/244\/revisions"}],"predecessor-version":[{"id":1785,"href":"https:\/\/www.pierrecaner.com\/index.php\/wp-json\/wp\/v2\/posts\/244\/revisions\/1785"}],"wp:attachment":[{"href":"https:\/\/www.pierrecaner.com\/index.php\/wp-json\/wp\/v2\/media?parent=244"}],"wp:term":[{"taxonomy":"category","embeddable":true,"href":"https:\/\/www.pierrecaner.com\/index.php\/wp-json\/wp\/v2\/categories?post=244"},{"taxonomy":"post_tag","embeddable":true,"href":"https:\/\/www.pierrecaner.com\/index.php\/wp-json\/wp\/v2\/tags?post=244"}],"curies":[{"name":"wp","href":"https:\/\/api.w.org\/{rel}","templated":true}]}}