{"id":216,"date":"2016-12-01T09:07:00","date_gmt":"2016-12-01T08:07:00","guid":{"rendered":"https:\/\/www.pierrecaner.com\/?p=216"},"modified":"2025-09-25T11:13:54","modified_gmt":"2025-09-25T09:13:54","slug":"trois-sonnets","status":"publish","type":"post","link":"https:\/\/www.pierrecaner.com\/index.php\/2016\/trois-sonnets\/","title":{"rendered":"Trois sonnets"},"content":{"rendered":"\n<h3 class=\"wp-block-heading\">Trois pi\u00e8ces pour choeur mixte a cappella<\/h3>\n\n\n\n<p>Pi\u00e8ces compos\u00e9es sur des sonnets de William Shakespeare.<\/p>\n\n\n\n<p class=\"has-ti-accent-secondary-color has-text-color has-link-color has-fraunces-font-family wp-elements-78e2524cb04a31152ace0998e0506bfe\"><em>Commande du <strong>Ch\u0153ur D\u00e9partemental de l\u2019Aveyron<\/strong> et de son chef Catherine Basset.<\/em><\/p>\n\n\n\n<hr class=\"wp-block-separator has-alpha-channel-opacity is-style-default\"\/>\n\n\n\n<p class=\"has-text-align-right has-ti-bg-color has-ti-accent-secondary-background-color has-text-color has-background has-link-color wp-elements-d9a979be755f26cd3d473dacdbdc050b\"><strong>P\u00e9riode de composition<\/strong> : 2014 &#8211; 2016<br><strong>Dur\u00e9e<\/strong> : 08&rsquo;15<br><strong>Cr\u00e9ation<\/strong> : xxx<br><strong>Instrumentation<\/strong> : SATB<\/p>\n\n\n\n<figure class=\"wp-block-image size-large\"><img loading=\"lazy\" decoding=\"async\" width=\"1024\" height=\"306\" src=\"https:\/\/www.pierrecaner.com\/wp-content\/uploads\/2025\/07\/Frise-1024x306.png\" alt=\"\" class=\"wp-image-607\" srcset=\"https:\/\/www.pierrecaner.com\/wp-content\/uploads\/2025\/07\/Frise-1024x306.png 1024w, https:\/\/www.pierrecaner.com\/wp-content\/uploads\/2025\/07\/Frise-300x90.png 300w, https:\/\/www.pierrecaner.com\/wp-content\/uploads\/2025\/07\/Frise-768x229.png 768w, https:\/\/www.pierrecaner.com\/wp-content\/uploads\/2025\/07\/Frise.png 1427w\" sizes=\"auto, (max-width: 1024px) 100vw, 1024px\" \/><\/figure>\n\n\n\n<hr class=\"wp-block-separator has-alpha-channel-opacity\"\/>\n\n\n\n<p>1. Sonnet XII <strong><em>\u00ab When I do count the clock that tells the time \u00bb <\/em><\/strong>2014 &#8211; 2015 (3&rsquo;40)<br>2. Sonnet XLIII <strong><em>\u00ab When most I wink, then do my eyes best see \u00bb<\/em><\/strong> 2015 (2&rsquo;15)<br>3. Sonnet CXLV <em><strong>\u00ab Those lips that Love\u2019s own hand did make \u00bb<\/strong><\/em> 2016 (2&rsquo;20)<\/p>\n\n\n\n<hr class=\"wp-block-separator has-alpha-channel-opacity\"\/>\n\n\n\n<figure class=\"wp-block-image aligncenter size-full\"><img loading=\"lazy\" decoding=\"async\" width=\"571\" height=\"465\" src=\"https:\/\/www.pierrecaner.com\/wp-content\/uploads\/2025\/07\/shakespearessonn00shakrich_0143.jpg\" alt=\"\" class=\"wp-image-608\" srcset=\"https:\/\/www.pierrecaner.com\/wp-content\/uploads\/2025\/07\/shakespearessonn00shakrich_0143.jpg 571w, https:\/\/www.pierrecaner.com\/wp-content\/uploads\/2025\/07\/shakespearessonn00shakrich_0143-300x244.jpg 300w\" sizes=\"auto, (max-width: 571px) 100vw, 571px\" \/><\/figure>\n","protected":false},"excerpt":{"rendered":"<p>Trois pi\u00e8ces pour choeur mixte a cappella Pi\u00e8ces compos\u00e9es sur des sonnets de William Shakespeare. Commande du Ch\u0153ur D\u00e9partemental de l\u2019Aveyron et de son chef Catherine Basset. P\u00e9riode de composition : 2014 &#8211; 2016Dur\u00e9e : 08&rsquo;15Cr\u00e9ation : xxxInstrumentation : SATB 1. Sonnet XII \u00ab When I do count the clock that tells the time \u00bb [&hellip;]<\/p>\n","protected":false},"author":1,"featured_media":532,"comment_status":"closed","ping_status":"closed","sticky":false,"template":"","format":"standard","meta":{"_themeisle_gutenberg_block_has_review":false,"footnotes":""},"categories":[32,23,34,46],"tags":[19,15,20,74,53],"class_list":["post-216","post","type-post","status-publish","format-standard","has-post-thumbnail","hentry","category-mixte_a_cappella","category-choeur","category-choeur_mixte","category-vocal","tag-acappella","tag-choeur","tag-mixte","tag-satb","tag-vocal"],"_links":{"self":[{"href":"https:\/\/www.pierrecaner.com\/index.php\/wp-json\/wp\/v2\/posts\/216","targetHints":{"allow":["GET"]}}],"collection":[{"href":"https:\/\/www.pierrecaner.com\/index.php\/wp-json\/wp\/v2\/posts"}],"about":[{"href":"https:\/\/www.pierrecaner.com\/index.php\/wp-json\/wp\/v2\/types\/post"}],"author":[{"embeddable":true,"href":"https:\/\/www.pierrecaner.com\/index.php\/wp-json\/wp\/v2\/users\/1"}],"replies":[{"embeddable":true,"href":"https:\/\/www.pierrecaner.com\/index.php\/wp-json\/wp\/v2\/comments?post=216"}],"version-history":[{"count":14,"href":"https:\/\/www.pierrecaner.com\/index.php\/wp-json\/wp\/v2\/posts\/216\/revisions"}],"predecessor-version":[{"id":756,"href":"https:\/\/www.pierrecaner.com\/index.php\/wp-json\/wp\/v2\/posts\/216\/revisions\/756"}],"wp:featuredmedia":[{"embeddable":true,"href":"https:\/\/www.pierrecaner.com\/index.php\/wp-json\/wp\/v2\/media\/532"}],"wp:attachment":[{"href":"https:\/\/www.pierrecaner.com\/index.php\/wp-json\/wp\/v2\/media?parent=216"}],"wp:term":[{"taxonomy":"category","embeddable":true,"href":"https:\/\/www.pierrecaner.com\/index.php\/wp-json\/wp\/v2\/categories?post=216"},{"taxonomy":"post_tag","embeddable":true,"href":"https:\/\/www.pierrecaner.com\/index.php\/wp-json\/wp\/v2\/tags?post=216"}],"curies":[{"name":"wp","href":"https:\/\/api.w.org\/{rel}","templated":true}]}}