{"id":1119,"date":"2010-10-02T19:31:14","date_gmt":"2010-10-02T17:31:14","guid":{"rendered":"https:\/\/www.pierrecaner.com\/?p=1119"},"modified":"2025-10-04T15:18:10","modified_gmt":"2025-10-04T13:18:10","slug":"harmonie-du-soir","status":"publish","type":"post","link":"https:\/\/www.pierrecaner.com\/index.php\/2010\/harmonie-du-soir\/","title":{"rendered":"Harmonie Du Soir"},"content":{"rendered":"\n<h3 class=\"wp-block-heading\">M\u00e9lodie pour soprano avec piano<\/h3>\n\n\n\n<div class=\"wp-block-group is-layout-constrained wp-block-group-is-layout-constrained\">\n<p>sur un po\u00e8me de Charles Baudelaire (1821-1867)<\/p>\n\n\n\n<div class=\"wp-block-columns is-layout-flex wp-container-core-columns-is-layout-28f84493 wp-block-columns-is-layout-flex\">\n<div class=\"wp-block-column has-background has-fraunces-font-family is-layout-flow wp-block-column-is-layout-flow\" style=\"background-color:#f6f2d8;padding-top:var(--wp--preset--spacing--40);padding-right:var(--wp--preset--spacing--40);padding-bottom:var(--wp--preset--spacing--40);padding-left:var(--wp--preset--spacing--40);font-style:italic;font-weight:300;flex-basis:66.66%\">\n<p><strong>Harmonie du soir<\/strong><\/p>\n\n\n\n<p>Voici venir les temps o\u00f9 vibrant sur sa tige<br>Chaque fleur s\u2019\u00e9vapore ainsi qu\u2019un encensoir ;<br>Les sons et les parfums tournent dans l\u2019air du soir ;<br>Valse m\u00e9lancolique et langoureux vertige !<\/p>\n\n\n\n<p>Chaque fleur s\u2019\u00e9vapore ainsi qu\u2019un encensoir ;<br>Le violon fr\u00e9mit comme un coeur qu\u2019on afflige ;<br>Valse m\u00e9lancolique et langoureux vertige !<br>Le ciel est triste et beau comme un grand reposoir.<\/p>\n\n\n\n<p>Le violon fr\u00e9mit comme un coeur qu\u2019on afflige,<br>Un coeur tendre, qui hait le n\u00e9ant vaste et noir !<br>Le ciel est triste et beau comme un grand reposoir ;<br>Le soleil s\u2019est noy\u00e9 dans son sang qui se fige.<\/p>\n\n\n\n<p>Un coeur tendre, qui hait le n\u00e9ant vaste et noir,<br>Du pass\u00e9 lumineux recueille tout vestige !<br>Le soleil s\u2019est noy\u00e9 dans son sang qui se fige\u2026<br>Ton souvenir en moi luit comme un ostensoir !<\/p>\n\n\n\n<p>Charles Baudelaire,&nbsp;<em><strong>Les Fleurs du Mal<\/strong><\/em><\/p>\n<\/div>\n\n\n\n<div class=\"wp-block-column is-layout-flow wp-block-column-is-layout-flow\" style=\"flex-basis:33.33%\">\n<figure data-wp-context=\"{&quot;imageId&quot;:&quot;69f311d666d18&quot;}\" data-wp-interactive=\"core\/image\" data-wp-key=\"69f311d666d18\" class=\"wp-block-image size-large wp-lightbox-container\"><img loading=\"lazy\" decoding=\"async\" width=\"724\" height=\"1024\" data-wp-class--hide=\"state.isContentHidden\" data-wp-class--show=\"state.isContentVisible\" data-wp-init=\"callbacks.setButtonStyles\" data-wp-on--click=\"actions.showLightbox\" data-wp-on--load=\"callbacks.setButtonStyles\" data-wp-on-window--resize=\"callbacks.setButtonStyles\" src=\"https:\/\/www.pierrecaner.com\/wp-content\/uploads\/2010\/10\/Harmonie-du-soir_1-724x1024.jpg\" alt=\"\" class=\"wp-image-1209\" srcset=\"https:\/\/www.pierrecaner.com\/wp-content\/uploads\/2010\/10\/Harmonie-du-soir_1-724x1024.jpg 724w, https:\/\/www.pierrecaner.com\/wp-content\/uploads\/2010\/10\/Harmonie-du-soir_1-212x300.jpg 212w, https:\/\/www.pierrecaner.com\/wp-content\/uploads\/2010\/10\/Harmonie-du-soir_1-768x1087.jpg 768w, https:\/\/www.pierrecaner.com\/wp-content\/uploads\/2010\/10\/Harmonie-du-soir_1.jpg 826w\" sizes=\"auto, (max-width: 724px) 100vw, 724px\" \/><button\n\t\t\tclass=\"lightbox-trigger\"\n\t\t\ttype=\"button\"\n\t\t\taria-haspopup=\"dialog\"\n\t\t\taria-label=\"Agrandir\"\n\t\t\tdata-wp-init=\"callbacks.initTriggerButton\"\n\t\t\tdata-wp-on--click=\"actions.showLightbox\"\n\t\t\tdata-wp-style--right=\"state.imageButtonRight\"\n\t\t\tdata-wp-style--top=\"state.imageButtonTop\"\n\t\t>\n\t\t\t<svg xmlns=\"http:\/\/www.w3.org\/2000\/svg\" width=\"12\" height=\"12\" fill=\"none\" viewBox=\"0 0 12 12\">\n\t\t\t\t<path fill=\"#fff\" d=\"M2 0a2 2 0 0 0-2 2v2h1.5V2a.5.5 0 0 1 .5-.5h2V0H2Zm2 10.5H2a.5.5 0 0 1-.5-.5V8H0v2a2 2 0 0 0 2 2h2v-1.5ZM8 12v-1.5h2a.5.5 0 0 0 .5-.5V8H12v2a2 2 0 0 1-2 2H8Zm2-12a2 2 0 0 1 2 2v2h-1.5V2a.5.5 0 0 0-.5-.5H8V0h2Z\" \/>\n\t\t\t<\/svg>\n\t\t<\/button><\/figure>\n<\/div>\n<\/div>\n\n\n\n<hr class=\"wp-block-separator has-alpha-channel-opacity\"\/>\n\n\n\n<p class=\"has-text-align-right has-ti-bg-color has-ti-accent-secondary-background-color has-text-color has-background has-link-color wp-elements-fd41e61fe25fa7398806a99ab223a0b1\"><strong>Ann\u00e9e de composition <\/strong>: 2010<br><strong>Dur\u00e9e<\/strong> : 2&rsquo;19<br><strong>Cr\u00e9ation<\/strong> : &#8212;<br><strong>Instrumentation<\/strong> :<br>soprano, piano<\/p>\n<\/div>\n","protected":false},"excerpt":{"rendered":"<p>M\u00e9lodie pour soprano avec piano sur un po\u00e8me de Charles Baudelaire (1821-1867) Harmonie du soir Voici venir les temps o\u00f9 vibrant sur sa tigeChaque fleur s\u2019\u00e9vapore ainsi qu\u2019un encensoir ;Les sons et les parfums tournent dans l\u2019air du soir ;Valse m\u00e9lancolique et langoureux vertige ! Chaque fleur s\u2019\u00e9vapore ainsi qu\u2019un encensoir ;Le violon fr\u00e9mit comme [&hellip;]<\/p>\n","protected":false},"author":1,"featured_media":1124,"comment_status":"closed","ping_status":"closed","sticky":false,"template":"","format":"standard","meta":{"_themeisle_gutenberg_block_has_review":false,"footnotes":""},"categories":[85,88,25,26,46],"tags":[55,76,60,18,58,53],"class_list":["post-1119","post","type-post","status-publish","format-standard","has-post-thumbnail","hentry","category-soprano_piano","category-melodie","category-soliste","category-soprano","category-vocal","tag-accompagne","tag-melodie","tag-piano","tag-soliste","tag-soprano","tag-vocal"],"_links":{"self":[{"href":"https:\/\/www.pierrecaner.com\/index.php\/wp-json\/wp\/v2\/posts\/1119","targetHints":{"allow":["GET"]}}],"collection":[{"href":"https:\/\/www.pierrecaner.com\/index.php\/wp-json\/wp\/v2\/posts"}],"about":[{"href":"https:\/\/www.pierrecaner.com\/index.php\/wp-json\/wp\/v2\/types\/post"}],"author":[{"embeddable":true,"href":"https:\/\/www.pierrecaner.com\/index.php\/wp-json\/wp\/v2\/users\/1"}],"replies":[{"embeddable":true,"href":"https:\/\/www.pierrecaner.com\/index.php\/wp-json\/wp\/v2\/comments?post=1119"}],"version-history":[{"count":5,"href":"https:\/\/www.pierrecaner.com\/index.php\/wp-json\/wp\/v2\/posts\/1119\/revisions"}],"predecessor-version":[{"id":1210,"href":"https:\/\/www.pierrecaner.com\/index.php\/wp-json\/wp\/v2\/posts\/1119\/revisions\/1210"}],"wp:featuredmedia":[{"embeddable":true,"href":"https:\/\/www.pierrecaner.com\/index.php\/wp-json\/wp\/v2\/media\/1124"}],"wp:attachment":[{"href":"https:\/\/www.pierrecaner.com\/index.php\/wp-json\/wp\/v2\/media?parent=1119"}],"wp:term":[{"taxonomy":"category","embeddable":true,"href":"https:\/\/www.pierrecaner.com\/index.php\/wp-json\/wp\/v2\/categories?post=1119"},{"taxonomy":"post_tag","embeddable":true,"href":"https:\/\/www.pierrecaner.com\/index.php\/wp-json\/wp\/v2\/tags?post=1119"}],"curies":[{"name":"wp","href":"https:\/\/api.w.org\/{rel}","templated":true}]}}